{"id":75666,"date":"2017-06-19T22:50:35","date_gmt":"2017-06-20T01:50:35","guid":{"rendered":"http:\/\/diarioregionaljf.com.br\/2017\/06\/19\/vaca-e-atropelada-na-br-116-e-provoca-acidente-grave-ferindo-dez-pessoas\/"},"modified":"2017-06-19T22:50:35","modified_gmt":"2017-06-20T01:50:35","slug":"vaca-e-atropelada-na-br-116-e-provoca-acidente-grave-ferindo-dez-pessoas","status":"publish","type":"post","link":"https:\/\/diarioregionaldigital.com.br\/?p=75666","title":{"rendered":"Vaca \u00e9 atropelada na BR-116 e provoca acidente grave ferindo dez pessoas"},"content":{"rendered":"<p>Dez pessoas ficaram feridas na noite deste s\u00e1bado, 17, ap\u00f3s o ve\u00edculo em que viajavam, uma VW\/Kombi branca com placas de Recreio, atropelar uma vaca que estava na pista, na altura do Km 802 da BR-116, pr\u00f3ximo ao distrito alemparaibano de Marin\u00f3polis.<\/p>\n<p>O acidente aconteceu por volta das 18h, quando a Kombi seguia da cidade de Recreio sentido Al\u00e9m Para\u00edba com 12 pessoas em seu interior. O SAMU, Corpo de Bombeiros de Leopoldina e Pol\u00edcia Rodovi\u00e1ria Federal atenderam a ocorr\u00eancia. Os feridos foram levados para o Hospital S\u00e3o Salvador, em Al\u00e9m Para\u00edba, e de acordo com as informa\u00e7\u00f5es 9 adultos e uma crian\u00e7a teria sofrido les\u00f5es leves, mas permaneciam em observa\u00e7\u00e3o.<\/p>\n<p>Colabora\u00e7\u00e3o: O Vigilante Online<\/p>\n","protected":false},"excerpt":{"rendered":"<p>Dez pessoas ficaram feridas na noite deste s\u00e1bado, 17, ap\u00f3s o ve\u00edculo em que viajavam, uma VW\/Kombi branca com placas de Recreio, atropelar uma vaca que estava na pista, na altura do Km 802 da BR-116, pr\u00f3ximo ao distrito alemparaibano de Marin\u00f3polis. O acidente aconteceu por volta das 18h, quando a Kombi seguia da cidade [&hellip;]<\/p>\n","protected":false},"author":96,"featured_media":75665,"comment_status":"closed","ping_status":"closed","sticky":false,"template":"","format":"standard","meta":{"footnotes":""},"categories":[252],"tags":[],"class_list":["post-75666","post","type-post","status-publish","format-standard","has-post-thumbnail","hentry","category-regiao"],"_links":{"self":[{"href":"https:\/\/diarioregionaldigital.com.br\/index.php?rest_route=\/wp\/v2\/posts\/75666","targetHints":{"allow":["GET"]}}],"collection":[{"href":"https:\/\/diarioregionaldigital.com.br\/index.php?rest_route=\/wp\/v2\/posts"}],"about":[{"href":"https:\/\/diarioregionaldigital.com.br\/index.php?rest_route=\/wp\/v2\/types\/post"}],"author":[{"embeddable":true,"href":"https:\/\/diarioregionaldigital.com.br\/index.php?rest_route=\/wp\/v2\/users\/96"}],"replies":[{"embeddable":true,"href":"https:\/\/diarioregionaldigital.com.br\/index.php?rest_route=%2Fwp%2Fv2%2Fcomments&post=75666"}],"version-history":[{"count":0,"href":"https:\/\/diarioregionaldigital.com.br\/index.php?rest_route=\/wp\/v2\/posts\/75666\/revisions"}],"wp:featuredmedia":[{"embeddable":true,"href":"https:\/\/diarioregionaldigital.com.br\/index.php?rest_route=\/wp\/v2\/media\/75665"}],"wp:attachment":[{"href":"https:\/\/diarioregionaldigital.com.br\/index.php?rest_route=%2Fwp%2Fv2%2Fmedia&parent=75666"}],"wp:term":[{"taxonomy":"category","embeddable":true,"href":"https:\/\/diarioregionaldigital.com.br\/index.php?rest_route=%2Fwp%2Fv2%2Fcategories&post=75666"},{"taxonomy":"post_tag","embeddable":true,"href":"https:\/\/diarioregionaldigital.com.br\/index.php?rest_route=%2Fwp%2Fv2%2Ftags&post=75666"}],"curies":[{"name":"wp","href":"https:\/\/api.w.org\/{rel}","templated":true}]}}