{"id":75664,"date":"2017-06-19T22:47:04","date_gmt":"2017-06-20T01:47:04","guid":{"rendered":"http:\/\/diarioregionaljf.com.br\/2017\/06\/19\/social-13\/"},"modified":"2017-06-19T22:47:04","modified_gmt":"2017-06-20T01:47:04","slug":"social-13","status":"publish","type":"post","link":"https:\/\/diarioregionaldigital.com.br\/?p=75664","title":{"rendered":"Social"},"content":{"rendered":"<p style=\"text-align: center;\"><span class=\"h4\">Natureza<\/span><br \/>Em Juiz de Fora, a Semana Integrada do Meio ambiente lan\u00e7ou a opera\u00e7\u00e3o Alerta Verde. O objetivo \u00e9 chamar aten\u00e7\u00e3o da popula\u00e7\u00e3o para os riscos e malef\u00edcios das queimadas, uma pr\u00e1tica utilizada para a limpeza dos lotes. Foram feitas a\u00e7\u00f5es no bairro Aeroporto e Parque Municipal da Lajinha. A a\u00e7\u00e3o integrou o Corpo de Bombeiros, Instituto Estadual de Floresta, Pol\u00edcia Ambiental, Guarda Municipal e Secretaria Municipal de Meio Ambiental.<\/p>\n<p style=\"text-align: center;\"><span class=\"h4\">Quadro de Avisos<\/span><br \/>O cadastramento escolar 2018 sofreu mudan\u00e7as em Juiz de Fora e deve ter a aten\u00e7\u00e3o de pais ou respons\u00e1veis que desejam garantir vaga para o filho no ensino fundamental. O cadastramento vai at\u00e9 23 de junho de 2017 e, pela primeira vez, ser\u00e1 realizado pela internet em todo o estado.<\/p>\n<p style=\"text-align: center;\"><span class=\"h4\">Retrospectiva<\/span><br \/>Preocupado com os rumos da economia brasileira, o engenheiro Luciano D\u00e9court, de BH, vir\u00e1 a Juiz de fora para interessante palestra. Considerado uma das maiores autoridades do pa\u00eds em mec\u00e2nica de solos e funda\u00e7\u00f5es, ele fala sobre o tema \u201c50 anos projetando funda\u00e7\u00f5es &#8211; uma retrospectiva\u201d. Breve detalhes nesta coluna, sobre local e hor\u00e1rio.<\/p>\n<p style=\"text-align: center;\"><span class=\"h4\">M\u00eddia<\/span><br \/>Fazendo um estudo sobre a viol\u00eancia contra jornalistas e rep\u00f3rteres em coberturas lembrei que na Antiguidade havia reis que mandavam exterminar emiss\u00e1rios da not\u00edcia ruim, depois de receb\u00ea-la, claro. Hoje, h\u00e1 quem gostaria de fazer o mesmo com os jornalistas. Estamos de olho!<\/p>\n<p style=\"text-align: center;\"><span class=\"h4\">Social<\/span><br \/>O jovem e competente advogado Alexandre Lenilson Fonseca usou como cen\u00e1rio o bar Jolly Rogers, no Aeroporto, para festejar em grande estilo o seu anivers\u00e1rio. Noite de alt\u00edssimo astral com rodadas de bate-papo, brindes com muita cerveja, m\u00fasica e alto astral. As fotos registram.<\/p>\n<p style=\"text-align: center;\"><img decoding=\"async\" class=\" size-full wp-image-75652\" src=\"http:\/\/diarioregionaljf.com.br\/wp-content\/uploads\/2017\/06\/diario-int-16970-1.jpg\" alt=\"FOTOA.jpg\" width=\"680\" style=\"display: block; margin-left: auto; margin-right: auto;\" srcset=\"https:\/\/diarioregionaldigital.com.br\/wp-content\/uploads\/2017\/06\/diario-int-16970-1.jpg 680w, https:\/\/diarioregionaldigital.com.br\/wp-content\/uploads\/2017\/06\/diario-int-16970-1-300x169.jpg 300w, https:\/\/diarioregionaldigital.com.br\/wp-content\/uploads\/2017\/06\/diario-int-16970-1-360x202.jpg 360w\" sizes=\"(max-width: 680px) 100vw, 680px\" \/>Os amigos, \u00cdcaro Sporch, Beto Souza, Alexandre Lenilson (aniversariando), Vin\u00edcius Ciribeli e Mazuquieli Afonso<\/p>\n<p style=\"text-align: center;\"><img decoding=\"async\" class=\" size-full wp-image-75653\" src=\"http:\/\/diarioregionaljf.com.br\/wp-content\/uploads\/2017\/06\/diario-int-16970-2.jpg\" alt=\"FOTOB.jpg\" width=\"680\" style=\"display: block; margin-left: auto; margin-right: auto;\" srcset=\"https:\/\/diarioregionaldigital.com.br\/wp-content\/uploads\/2017\/06\/diario-int-16970-2.jpg 680w, https:\/\/diarioregionaldigital.com.br\/wp-content\/uploads\/2017\/06\/diario-int-16970-2-300x199.jpg 300w, https:\/\/diarioregionaldigital.com.br\/wp-content\/uploads\/2017\/06\/diario-int-16970-2-360x238.jpg 360w\" sizes=\"(max-width: 680px) 100vw, 680px\" \/>Gisele Rezende, Alexandre Lenilson e S\u00e9rgio Duque<\/p>\n<p style=\"text-align: center;\"><img decoding=\"async\" class=\" size-full wp-image-75654\" src=\"http:\/\/diarioregionaljf.com.br\/wp-content\/uploads\/2017\/06\/diario-int-16970-3.jpg\" alt=\"FOTOC.jpg\" width=\"680\" style=\"display: block; margin-left: auto; margin-right: auto;\" srcset=\"https:\/\/diarioregionaldigital.com.br\/wp-content\/uploads\/2017\/06\/diario-int-16970-3.jpg 680w, https:\/\/diarioregionaldigital.com.br\/wp-content\/uploads\/2017\/06\/diario-int-16970-3-266x300.jpg 266w, https:\/\/diarioregionaldigital.com.br\/wp-content\/uploads\/2017\/06\/diario-int-16970-3-360x407.jpg 360w\" sizes=\"(max-width: 680px) 100vw, 680px\" \/>Alexandre Lenilson e Vin\u00edcius Ciribeli<\/p>\n<p style=\"text-align: center;\"><img decoding=\"async\" class=\" size-full wp-image-75655\" src=\"http:\/\/diarioregionaljf.com.br\/wp-content\/uploads\/2017\/06\/diario-int-16970-4.jpg\" alt=\"FOTOD.jpg\" width=\"680\" style=\"display: block; margin-left: auto; margin-right: auto;\" srcset=\"https:\/\/diarioregionaldigital.com.br\/wp-content\/uploads\/2017\/06\/diario-int-16970-4.jpg 680w, https:\/\/diarioregionaldigital.com.br\/wp-content\/uploads\/2017\/06\/diario-int-16970-4-300x199.jpg 300w, https:\/\/diarioregionaldigital.com.br\/wp-content\/uploads\/2017\/06\/diario-int-16970-4-360x238.jpg 360w\" sizes=\"(max-width: 680px) 100vw, 680px\" \/>Mazuquieli Afonso, Alexandre Lenilson e Fernanda Bergamasso<\/p>\n<p style=\"text-align: center;\"><img decoding=\"async\" class=\" size-full wp-image-75656\" src=\"http:\/\/diarioregionaljf.com.br\/wp-content\/uploads\/2017\/06\/diario-int-16970-5.jpg\" alt=\"FOTOE.jpg\" width=\"680\" style=\"display: block; margin-left: auto; margin-right: auto;\" srcset=\"https:\/\/diarioregionaldigital.com.br\/wp-content\/uploads\/2017\/06\/diario-int-16970-5.jpg 680w, https:\/\/diarioregionaldigital.com.br\/wp-content\/uploads\/2017\/06\/diario-int-16970-5-300x199.jpg 300w, https:\/\/diarioregionaldigital.com.br\/wp-content\/uploads\/2017\/06\/diario-int-16970-5-360x238.jpg 360w\" sizes=\"(max-width: 680px) 100vw, 680px\" \/>\u00cdcaro Sporch, &nbsp;Alexandre Lenilson e Luiza Scafutto<\/p>\n<p style=\"text-align: center;\"><img decoding=\"async\" class=\" size-full wp-image-75657\" src=\"http:\/\/diarioregionaljf.com.br\/wp-content\/uploads\/2017\/06\/diario-int-16970-6.jpg\" alt=\"FOTOF.jpg\" width=\"680\" style=\"display: block; margin-left: auto; margin-right: auto;\" srcset=\"https:\/\/diarioregionaldigital.com.br\/wp-content\/uploads\/2017\/06\/diario-int-16970-6.jpg 680w, https:\/\/diarioregionaldigital.com.br\/wp-content\/uploads\/2017\/06\/diario-int-16970-6-300x199.jpg 300w, https:\/\/diarioregionaldigital.com.br\/wp-content\/uploads\/2017\/06\/diario-int-16970-6-360x238.jpg 360w\" sizes=\"(max-width: 680px) 100vw, 680px\" \/>Alexandre Lenilson e Vin\u00edcius Ciribeli<\/p>\n<p style=\"text-align: center;\"><img decoding=\"async\" class=\" size-full wp-image-75658\" src=\"http:\/\/diarioregionaljf.com.br\/wp-content\/uploads\/2017\/06\/diario-int-16970-7.jpg\" alt=\"FOTOG.jpg\" width=\"680\" style=\"display: block; margin-left: auto; margin-right: auto;\" srcset=\"https:\/\/diarioregionaldigital.com.br\/wp-content\/uploads\/2017\/06\/diario-int-16970-7.jpg 680w, https:\/\/diarioregionaldigital.com.br\/wp-content\/uploads\/2017\/06\/diario-int-16970-7-300x199.jpg 300w, https:\/\/diarioregionaldigital.com.br\/wp-content\/uploads\/2017\/06\/diario-int-16970-7-360x238.jpg 360w\" sizes=\"(max-width: 680px) 100vw, 680px\" \/>Renata Couto, Alexandre Lenilson, Jane Paulino, Vin\u00edcius Ciribeli<\/p>\n<p style=\"text-align: center;\"><img decoding=\"async\" class=\" size-full wp-image-75659\" src=\"http:\/\/diarioregionaljf.com.br\/wp-content\/uploads\/2017\/06\/diario-int-16970-8.jpg\" alt=\"FOTOH.jpg\" width=\"680\" style=\"display: block; margin-left: auto; margin-right: auto;\" srcset=\"https:\/\/diarioregionaldigital.com.br\/wp-content\/uploads\/2017\/06\/diario-int-16970-8.jpg 680w, https:\/\/diarioregionaldigital.com.br\/wp-content\/uploads\/2017\/06\/diario-int-16970-8-300x199.jpg 300w, https:\/\/diarioregionaldigital.com.br\/wp-content\/uploads\/2017\/06\/diario-int-16970-8-360x238.jpg 360w\" sizes=\"(max-width: 680px) 100vw, 680px\" \/>Saulo Vitral, Alexandre Lenilson e Bianca Matheus<\/p>\n<p style=\"text-align: center;\"><img decoding=\"async\" class=\" size-full wp-image-75660\" src=\"http:\/\/diarioregionaljf.com.br\/wp-content\/uploads\/2017\/06\/diario-int-16970-9.jpg\" alt=\"FOTOI.jpg\" width=\"680\" style=\"display: block; margin-left: auto; margin-right: auto;\" srcset=\"https:\/\/diarioregionaldigital.com.br\/wp-content\/uploads\/2017\/06\/diario-int-16970-9.jpg 680w, https:\/\/diarioregionaldigital.com.br\/wp-content\/uploads\/2017\/06\/diario-int-16970-9-300x199.jpg 300w, https:\/\/diarioregionaldigital.com.br\/wp-content\/uploads\/2017\/06\/diario-int-16970-9-360x238.jpg 360w\" sizes=\"(max-width: 680px) 100vw, 680px\" \/>Em Tiradentes, durante o Conex\u00e3o Empresarial, talentos de JF, Paulo Cesar Magela, Jo\u00e3o Matos, C\u00e9sar Romero, Michael Guedes<\/p>\n<p style=\"text-align: center;\"><img decoding=\"async\" class=\" size-full wp-image-75661\" src=\"http:\/\/diarioregionaljf.com.br\/wp-content\/uploads\/2017\/06\/diario-int-16970-10.jpg\" alt=\"FOTOJ.jpg\" width=\"680\" style=\"display: block; margin-left: auto; margin-right: auto;\" srcset=\"https:\/\/diarioregionaldigital.com.br\/wp-content\/uploads\/2017\/06\/diario-int-16970-10.jpg 680w, https:\/\/diarioregionaldigital.com.br\/wp-content\/uploads\/2017\/06\/diario-int-16970-10-266x300.jpg 266w, https:\/\/diarioregionaldigital.com.br\/wp-content\/uploads\/2017\/06\/diario-int-16970-10-360x407.jpg 360w\" sizes=\"(max-width: 680px) 100vw, 680px\" \/>Em Angra dos Reis, o Dj-campe\u00e3o, Leandro Laguardia<\/p>\n<p style=\"text-align: center;\"><img decoding=\"async\" class=\" size-full wp-image-75662\" src=\"http:\/\/diarioregionaljf.com.br\/wp-content\/uploads\/2017\/06\/diario-int-16970-11.jpg\" alt=\"FOTOL.jpg\" width=\"680\" style=\"display: block; margin-left: auto; margin-right: auto;\" srcset=\"https:\/\/diarioregionaldigital.com.br\/wp-content\/uploads\/2017\/06\/diario-int-16970-11.jpg 680w, https:\/\/diarioregionaldigital.com.br\/wp-content\/uploads\/2017\/06\/diario-int-16970-11-300x197.jpg 300w, https:\/\/diarioregionaldigital.com.br\/wp-content\/uploads\/2017\/06\/diario-int-16970-11-360x236.jpg 360w\" sizes=\"(max-width: 680px) 100vw, 680px\" \/>No restaurante Salvaterra, Nelson Dias, Marc\u00edlio Gomes e \u00c9rika Dias<\/p>\n<p style=\"text-align: center;\"><img decoding=\"async\" class=\" size-full wp-image-75663\" src=\"http:\/\/diarioregionaljf.com.br\/wp-content\/uploads\/2017\/06\/diario-int-16970-12.jpg\" alt=\"FOTOM.jpg\" width=\"680\" style=\"display: block; margin-left: auto; margin-right: auto;\" srcset=\"https:\/\/diarioregionaldigital.com.br\/wp-content\/uploads\/2017\/06\/diario-int-16970-12.jpg 680w, https:\/\/diarioregionaldigital.com.br\/wp-content\/uploads\/2017\/06\/diario-int-16970-12-300x221.jpg 300w, https:\/\/diarioregionaldigital.com.br\/wp-content\/uploads\/2017\/06\/diario-int-16970-12-360x265.jpg 360w\" sizes=\"(max-width: 680px) 100vw, 680px\" \/>Em close especial, o fot\u00f3grafo do momento Valdir Jr.<\/p>\n<p class=\"h4\" style=\"text-align: center;\">FOTOSS\u00cdNTESE<\/p>\n<p><strong><\/strong>Em estilo arrebatador, vai bombar no dia 15 de julho, a festa do 5\u00ba anivers\u00e1rio da Casa do Tatuador. A partir das 17h, Pablo Ribeiro (Tattoo), recebe na Rua Manoel Vaz de Magalh\u00e3es n\u00ba 230, no Bosque do Imperador. Show com Paty Fernandes, Dj Scooby e Top Dj Mateus Zulato. Convites a R$20 no Bar No Grau, casa do Tatuador e Sal\u00e3o Rhuan Fontes. Top!<\/p>\n<p>Muitas fotos pipocaram para Valesca Nunes dos Reis. Enfermeira do HU, ela foi aprovada por unanimidade para ouvidora da UFJF.<\/p>\n<p>O din\u00e2mico Carlos Eduardo est\u00e1 fazendo sucesso com massagem com pedras para relaxamento. Para marcar o fone \u00e9 99990-0454.<\/p>\n<p>Jovem e talentosa, a mineira K\u00e1tia Badar\u00f3 causa impacto com seu livro \u201cO di\u00e1rio de Nina\u201d. O trabalho foi aprovado pela Lei Murilo Mendes e pode ser encontrado na Ca d\u2019Ori e Palavras e Ideias.<\/p>\n<p>Com a exibi\u00e7\u00e3o do filme \u201cPerdidos em Paris\u201d, dentro da programa\u00e7\u00e3o do Festival Varilux de Cinema Franc\u00eas, o Cine Palace fechou e deu como ato final seu encerramento para a moradia das pulgas.<\/p>\n<p>Para provar que brasileiro n\u00e3o vive sem festas e principalmente o juiz-forano, a cantora Sandra Portella promove no dia 16 de julho, \u00e0s 12h, no sal\u00e3o do Ol\u00edmpico Clube, o Arrai\u00e1stasamba. Al\u00e9m dela, vai ter Forr\u00f3Zeta e tudo que uma julina pede.<\/p>\n<p>Para comemorar 1 ano da festa Groove, o din\u00e2mico Igor Carvalhaes recebe gente bonita e som esperto para a badalada festa Groove Dreams -One Year Edition, no s\u00e1bado 8 de julho, \u00e0s 23h, no Pub\u2019s. <br \/>Convite chega para este colunista para 16\u00aa Jornada Nacional de Literatura e 8\u00aa Jornadinha de Literatura, de 2 a 6 de outubro em Passo Fundo.<\/p>\n<p>Vai ter anarri\u00ea, comida e bebida t\u00edpica, dan\u00e7a e quadrilha infantil no 16\u00aa Arrai\u00e1 da Funda\u00e7\u00e3o Ricardo Moys\u00e9s Jr. Ser\u00e1 dia 24 de junho, de 14h \u00e0s 23h, no Independ\u00eancia Shopping. Haver\u00e1 Show com Leonardo de Freitas &amp; Fabiano, Banda Arrasta Roots, Era um vez Personagens, Grupo Meleka de Jacar\u00e9, Fuxico &amp; Xaveco. Menor de 18 anos, somente acompanhado de pais ou respons\u00e1vel legal.<\/p>\n<p>Para refletir: As coisas andam t\u00e3o sem beleza, minguadas de transcend\u00eancias, desertas de verdade, que resolvi voltar a escrever poesias e lan\u00e7ar novo livro, pois as vezes pode me salvar! Bom dia Juiz de Fora.<\/p>\n","protected":false},"excerpt":{"rendered":"<p>NaturezaEm Juiz de Fora, a Semana Integrada do Meio ambiente lan\u00e7ou a opera\u00e7\u00e3o Alerta Verde. O objetivo \u00e9 chamar aten\u00e7\u00e3o da popula\u00e7\u00e3o para os riscos e malef\u00edcios das queimadas, uma pr\u00e1tica utilizada para a limpeza dos lotes. Foram feitas a\u00e7\u00f5es no bairro Aeroporto e Parque Municipal da Lajinha. A a\u00e7\u00e3o integrou o Corpo de Bombeiros, [&hellip;]<\/p>\n","protected":false},"author":96,"featured_media":75651,"comment_status":"closed","ping_status":"closed","sticky":false,"template":"","format":"standard","meta":{"footnotes":""},"categories":[264],"tags":[],"class_list":["post-75664","post","type-post","status-publish","format-standard","has-post-thumbnail","hentry","category-eduardo-gomes"],"_links":{"self":[{"href":"https:\/\/diarioregionaldigital.com.br\/index.php?rest_route=\/wp\/v2\/posts\/75664","targetHints":{"allow":["GET"]}}],"collection":[{"href":"https:\/\/diarioregionaldigital.com.br\/index.php?rest_route=\/wp\/v2\/posts"}],"about":[{"href":"https:\/\/diarioregionaldigital.com.br\/index.php?rest_route=\/wp\/v2\/types\/post"}],"author":[{"embeddable":true,"href":"https:\/\/diarioregionaldigital.com.br\/index.php?rest_route=\/wp\/v2\/users\/96"}],"replies":[{"embeddable":true,"href":"https:\/\/diarioregionaldigital.com.br\/index.php?rest_route=%2Fwp%2Fv2%2Fcomments&post=75664"}],"version-history":[{"count":0,"href":"https:\/\/diarioregionaldigital.com.br\/index.php?rest_route=\/wp\/v2\/posts\/75664\/revisions"}],"wp:featuredmedia":[{"embeddable":true,"href":"https:\/\/diarioregionaldigital.com.br\/index.php?rest_route=\/wp\/v2\/media\/75651"}],"wp:attachment":[{"href":"https:\/\/diarioregionaldigital.com.br\/index.php?rest_route=%2Fwp%2Fv2%2Fmedia&parent=75664"}],"wp:term":[{"taxonomy":"category","embeddable":true,"href":"https:\/\/diarioregionaldigital.com.br\/index.php?rest_route=%2Fwp%2Fv2%2Fcategories&post=75664"},{"taxonomy":"post_tag","embeddable":true,"href":"https:\/\/diarioregionaldigital.com.br\/index.php?rest_route=%2Fwp%2Fv2%2Ftags&post=75664"}],"curies":[{"name":"wp","href":"https:\/\/api.w.org\/{rel}","templated":true}]}}