{"id":75650,"date":"2017-06-19T22:46:18","date_gmt":"2017-06-20T01:46:18","guid":{"rendered":"http:\/\/diarioregionaljf.com.br\/2017\/06\/19\/barbacena-vai-eleger-o-novo-conselho-de-assistencia-social\/"},"modified":"2017-06-19T22:46:18","modified_gmt":"2017-06-20T01:46:18","slug":"barbacena-vai-eleger-o-novo-conselho-de-assistencia-social","status":"publish","type":"post","link":"https:\/\/diarioregionaldigital.com.br\/?p=75650","title":{"rendered":"Barbacena vai eleger o novo Conselho de Assist\u00eancia Social"},"content":{"rendered":"<p>O Conselho Municipal de Assist\u00eancia Social e a Prefeitura de Barbacena, atrav\u00e9s da Subsecretaria de Programas Sociais (Sesaps), convidam a popula\u00e7\u00e3o para participar da 11\u00aa Confer\u00eancia Municipal de Assist\u00eancia Social. Com o tema, Garantia dos Direitos no Fortalecimento do SUAS, e lema \u201cGarantia de Direitos no SUAS: Nenhum direito a menos\u201d , o evento acontece nesta ter\u00e7a-feira, 20, de 8h \u00e0s 17h, no Autom\u00f3vel Clube.<\/p>\n<p>A 11\u00aa Confer\u00eancia Municipal de Assist\u00eancia Social tem por objetivos, a reafirma\u00e7\u00e3o do papel da Assist\u00eancia Social como pol\u00edtica garantidora de direitos e a urgente necessidade de dar visibilidade a esta contribui\u00e7\u00e3o para a sociedade brasileira, trazendo os usu\u00e1rios, sua realidade de vida, direitos e demandas de acesso, como centro do debate e do planejamento da pol\u00edtica de Assist\u00eancia Social, atrav\u00e9s de quatro Eixos de discuss\u00e3o:<\/p>\n<p>\u2022 A prote\u00e7\u00e3o social n\u00e3o contributiva e o princ\u00edpio da equidade como paradigma para a gest\u00e3o dos direitos socioassistenciais.<br \/>\u2022 Gest\u00e3o democr\u00e1tica e controle social: o lugar da sociedade civil no SUAS.<br \/>\u2022 Acesso \u00e0s seguran\u00e7as socioassistenciais e a articula\u00e7\u00e3o entre servi\u00e7os, benef\u00edcios e transfer\u00eancia de renda como garantias de direitos socioassistenciais.<br \/>\u2022 A legisla\u00e7\u00e3o como instrumento para uma gest\u00e3o de compromissos dos entes federativos para a garantia dos direitos socioassistenciais.<\/p>\n<p>Fonte: Assessoria<\/p>\n","protected":false},"excerpt":{"rendered":"<p>O Conselho Municipal de Assist\u00eancia Social e a Prefeitura de Barbacena, atrav\u00e9s da Subsecretaria de Programas Sociais (Sesaps), convidam a popula\u00e7\u00e3o para participar da 11\u00aa Confer\u00eancia Municipal de Assist\u00eancia Social. Com o tema, Garantia dos Direitos no Fortalecimento do SUAS, e lema \u201cGarantia de Direitos no SUAS: Nenhum direito a menos\u201d , o evento acontece [&hellip;]<\/p>\n","protected":false},"author":96,"featured_media":0,"comment_status":"closed","ping_status":"closed","sticky":false,"template":"","format":"standard","meta":{"footnotes":""},"categories":[252],"tags":[],"class_list":["post-75650","post","type-post","status-publish","format-standard","hentry","category-regiao"],"_links":{"self":[{"href":"https:\/\/diarioregionaldigital.com.br\/index.php?rest_route=\/wp\/v2\/posts\/75650","targetHints":{"allow":["GET"]}}],"collection":[{"href":"https:\/\/diarioregionaldigital.com.br\/index.php?rest_route=\/wp\/v2\/posts"}],"about":[{"href":"https:\/\/diarioregionaldigital.com.br\/index.php?rest_route=\/wp\/v2\/types\/post"}],"author":[{"embeddable":true,"href":"https:\/\/diarioregionaldigital.com.br\/index.php?rest_route=\/wp\/v2\/users\/96"}],"replies":[{"embeddable":true,"href":"https:\/\/diarioregionaldigital.com.br\/index.php?rest_route=%2Fwp%2Fv2%2Fcomments&post=75650"}],"version-history":[{"count":0,"href":"https:\/\/diarioregionaldigital.com.br\/index.php?rest_route=\/wp\/v2\/posts\/75650\/revisions"}],"wp:attachment":[{"href":"https:\/\/diarioregionaldigital.com.br\/index.php?rest_route=%2Fwp%2Fv2%2Fmedia&parent=75650"}],"wp:term":[{"taxonomy":"category","embeddable":true,"href":"https:\/\/diarioregionaldigital.com.br\/index.php?rest_route=%2Fwp%2Fv2%2Fcategories&post=75650"},{"taxonomy":"post_tag","embeddable":true,"href":"https:\/\/diarioregionaldigital.com.br\/index.php?rest_route=%2Fwp%2Fv2%2Ftags&post=75650"}],"curies":[{"name":"wp","href":"https:\/\/api.w.org\/{rel}","templated":true}]}}