{"id":75649,"date":"2017-06-19T22:44:49","date_gmt":"2017-06-20T01:44:49","guid":{"rendered":"http:\/\/diarioregionaljf.com.br\/2017\/06\/19\/ufsj-mg-realiza-novo-concurso-para-professor-adjunto\/"},"modified":"2017-06-19T22:44:49","modified_gmt":"2017-06-20T01:44:49","slug":"ufsj-mg-realiza-novo-concurso-para-professor-adjunto","status":"publish","type":"post","link":"https:\/\/diarioregionaldigital.com.br\/?p=75649","title":{"rendered":"UFSJ-MG realiza novo concurso para Professor Adjunto"},"content":{"rendered":"<p>A Universidade Federal de S\u00e3o Jo\u00e3o del-Rei (UFSJ), estado de Minas Gerais, lan\u00e7ou por meio do Di\u00e1rio Oficial da Uni\u00e3o de 16 de junho, o edital de n\u00ba 30\/2017 com abertura do concurso p\u00fablico de provas e t\u00edtulos que ir\u00e1 preencher uma vaga em cargo de Professor Adjunto para lota\u00e7\u00e3o no Departamento de Arquitetura, Urbanismo e Artes Aplicadas na \u00e1rea de Teoria, Hist\u00f3ria e Projeto da Arquitetura e do Urbanismo.<\/p>\n<p>A fun\u00e7\u00e3o exige gradua\u00e7\u00e3o em Arquitetura e Urbanismo e doutorado em \u00e1reas afins. O sal\u00e1rio do Professor Adjunto ser\u00e1 de R$9.570,41, por jornada de trabalho de 40 horas semanais.<\/p>\n<p>A sele\u00e7\u00e3o ter\u00e1 prova escrita, prova did\u00e1tica, prova de t\u00edtulos e prova de defesa do plano de trabalho. As provas iniciam no dia 16 de agosto de 2017.<\/p>\n<p>Fonte: Assessoria<\/p>\n","protected":false},"excerpt":{"rendered":"<p>A Universidade Federal de S\u00e3o Jo\u00e3o del-Rei (UFSJ), estado de Minas Gerais, lan\u00e7ou por meio do Di\u00e1rio Oficial da Uni\u00e3o de 16 de junho, o edital de n\u00ba 30\/2017 com abertura do concurso p\u00fablico de provas e t\u00edtulos que ir\u00e1 preencher uma vaga em cargo de Professor Adjunto para lota\u00e7\u00e3o no Departamento de Arquitetura, Urbanismo [&hellip;]<\/p>\n","protected":false},"author":96,"featured_media":0,"comment_status":"closed","ping_status":"closed","sticky":false,"template":"","format":"standard","meta":{"footnotes":""},"categories":[280],"tags":[],"class_list":["post-75649","post","type-post","status-publish","format-standard","hentry","category-concurso"],"_links":{"self":[{"href":"https:\/\/diarioregionaldigital.com.br\/index.php?rest_route=\/wp\/v2\/posts\/75649","targetHints":{"allow":["GET"]}}],"collection":[{"href":"https:\/\/diarioregionaldigital.com.br\/index.php?rest_route=\/wp\/v2\/posts"}],"about":[{"href":"https:\/\/diarioregionaldigital.com.br\/index.php?rest_route=\/wp\/v2\/types\/post"}],"author":[{"embeddable":true,"href":"https:\/\/diarioregionaldigital.com.br\/index.php?rest_route=\/wp\/v2\/users\/96"}],"replies":[{"embeddable":true,"href":"https:\/\/diarioregionaldigital.com.br\/index.php?rest_route=%2Fwp%2Fv2%2Fcomments&post=75649"}],"version-history":[{"count":0,"href":"https:\/\/diarioregionaldigital.com.br\/index.php?rest_route=\/wp\/v2\/posts\/75649\/revisions"}],"wp:attachment":[{"href":"https:\/\/diarioregionaldigital.com.br\/index.php?rest_route=%2Fwp%2Fv2%2Fmedia&parent=75649"}],"wp:term":[{"taxonomy":"category","embeddable":true,"href":"https:\/\/diarioregionaldigital.com.br\/index.php?rest_route=%2Fwp%2Fv2%2Fcategories&post=75649"},{"taxonomy":"post_tag","embeddable":true,"href":"https:\/\/diarioregionaldigital.com.br\/index.php?rest_route=%2Fwp%2Fv2%2Ftags&post=75649"}],"curies":[{"name":"wp","href":"https:\/\/api.w.org\/{rel}","templated":true}]}}