{"id":75648,"date":"2017-06-19T22:43:12","date_gmt":"2017-06-20T01:43:12","guid":{"rendered":"http:\/\/diarioregionaljf.com.br\/2017\/06\/19\/trabalhadores-tem-ate-30-de-junho-para-sacar-o-abono-salarial-de-2015\/"},"modified":"2017-06-19T22:43:12","modified_gmt":"2017-06-20T01:43:12","slug":"trabalhadores-tem-ate-30-de-junho-para-sacar-o-abono-salarial-de-2015","status":"publish","type":"post","link":"https:\/\/diarioregionaldigital.com.br\/?p=75648","title":{"rendered":"Trabalhadores t\u00eam at\u00e9 30 de junho para sacar o abono salarial de 2015"},"content":{"rendered":"<p>Os trabalhadores com direito ao abono salarial do Programa de Integra\u00e7\u00e3o Social (PIS) e o do Programa de Forma\u00e7\u00e3o do Patrim\u00f4nio do Servidor P\u00fablico (Pasep) referente a 2015 t\u00eam at\u00e9 o dia 30 de junho para ir a uma ag\u00eancia banc\u00e1ria sacar o benef\u00edcio. O valor varia de R$78 a R$937, dependendo do tempo em que a pessoa trabalhou formalmente em 2015.<\/p>\n<p>O Minist\u00e9rio do Trabalho orienta os trabalhadores a n\u00e3o deixar para a \u00faltima hora para n\u00e3o correrem o risco de perder o benef\u00edcio. Depois de encerrado o per\u00edodo de saques, o dinheiro que n\u00e3o foi resgatado voltar\u00e1 para o Fundo de Amparo ao Trabalhador (FAT) e ser\u00e1 usado para o pagamento de benef\u00edcios como o seguro-desemprego e o abono salarial do pr\u00f3ximo ano.<\/p>\n<p>At\u00e9 o dia 31 de maio, 1,83 milh\u00e3o de trabalhadores ainda n\u00e3o tinham sacado o abono, o que corresponde a 7,56% do total de pessoas com direito ao benef\u00edcio. O valor dispon\u00edvel para saque \u00e9 de R$1,28 bilh\u00e3o.<\/p>\n<h4>Quem tem direito<\/h4>\n<p>Tem direito ao abono salarial ano-base 2015 quem est\u00e1 inscrito no PIS\/Pasep h\u00e1, pelo menos, cinco anos; trabalhou formalmente por, pelo menos, 30 dias em 2015 com remunera\u00e7\u00e3o mensal m\u00e9dia de at\u00e9 dois sal\u00e1rios m\u00ednimo; e teve seus dados informados corretamente pelo empregador na Rela\u00e7\u00e3o Anual de Informa\u00e7\u00f5es Sociais (Rais).<\/p>\n<p>O valor do abono \u00e9 proporcional ao tempo que a pessoa trabalhou com carteira assinada em 2015. Se ela trabalhou, por exemplo, durante os 12 meses, vai receber o valor integral do benef\u00edcio, que \u00e9 de um sal\u00e1rio m\u00ednimo (R$937). Se trabalhou por apenas um m\u00eas, vai receber o equivalente a 1\/12 do sal\u00e1rio (R$78) e assim sucessivamente.<\/p>\n<p>Para saber quem tem direito ao benef\u00edcio, os trabalhadores podem acessar a p\u00e1gina (www.verificasd.mtb.gov.br\/abono), com o n\u00famero do CPF ou do PIS\/Pasep e a data de nascimento. A central de atendimento Al\u00f4 Trabalho do Minist\u00e9rio do Trabalho, que atende pelo n\u00famero 158, tamb\u00e9m tem informa\u00e7\u00f5es sobre o PIS\/Pasep.<\/p>\n<h4>Como sacar<\/h4>\n<p>Os trabalhadores da iniciativa privada retiram o dinheiro na Caixa Econ\u00f4mica Federal (Caixa) e os servidores p\u00fablicos, no Banco do Brasil (BB).<\/p>\n<p>O trabalhador que tem o Cart\u00e3o Cidad\u00e3o e a senha cadastrada pode sacar o abono do PIS nos terminais de autoatendimento da Caixa ou casas lot\u00e9ricas. Caso n\u00e3o tenha o cart\u00e3o, ele pode receber o valor em qualquer ag\u00eancia da Caixa, mediante apresenta\u00e7\u00e3o de documento de identifica\u00e7\u00e3o. Informa\u00e7\u00f5es sobre o PIS tamb\u00e9m podem ser obtidas pelo telefone 0800 726 0207 da Caixa.<\/p>\n<p>Os servidores p\u00fablicos que t\u00eam direito ao Pasep precisam verificar se houve dep\u00f3sito em conta. Caso isso n\u00e3o tenha ocorrido, devem procurar uma ag\u00eancia do Banco do Brasil e apresentar um documento de identifica\u00e7\u00e3o. Mais informa\u00e7\u00f5es sobre o Pasep podem ser obtidas pelo telefone 0800 729 0001, do Banco do Brasil.<\/p>\n<p>Fonte: Ag\u00eancia Brasil<\/p>\n","protected":false},"excerpt":{"rendered":"<p>Os trabalhadores com direito ao abono salarial do Programa de Integra\u00e7\u00e3o Social (PIS) e o do Programa de Forma\u00e7\u00e3o do Patrim\u00f4nio do Servidor P\u00fablico (Pasep) referente a 2015 t\u00eam at\u00e9 o dia 30 de junho para ir a uma ag\u00eancia banc\u00e1ria sacar o benef\u00edcio. O valor varia de R$78 a R$937, dependendo do tempo em [&hellip;]<\/p>\n","protected":false},"author":96,"featured_media":75647,"comment_status":"closed","ping_status":"closed","sticky":false,"template":"","format":"standard","meta":{"footnotes":""},"categories":[261],"tags":[],"class_list":["post-75648","post","type-post","status-publish","format-standard","has-post-thumbnail","hentry","category-economia"],"_links":{"self":[{"href":"https:\/\/diarioregionaldigital.com.br\/index.php?rest_route=\/wp\/v2\/posts\/75648","targetHints":{"allow":["GET"]}}],"collection":[{"href":"https:\/\/diarioregionaldigital.com.br\/index.php?rest_route=\/wp\/v2\/posts"}],"about":[{"href":"https:\/\/diarioregionaldigital.com.br\/index.php?rest_route=\/wp\/v2\/types\/post"}],"author":[{"embeddable":true,"href":"https:\/\/diarioregionaldigital.com.br\/index.php?rest_route=\/wp\/v2\/users\/96"}],"replies":[{"embeddable":true,"href":"https:\/\/diarioregionaldigital.com.br\/index.php?rest_route=%2Fwp%2Fv2%2Fcomments&post=75648"}],"version-history":[{"count":0,"href":"https:\/\/diarioregionaldigital.com.br\/index.php?rest_route=\/wp\/v2\/posts\/75648\/revisions"}],"wp:featuredmedia":[{"embeddable":true,"href":"https:\/\/diarioregionaldigital.com.br\/index.php?rest_route=\/wp\/v2\/media\/75647"}],"wp:attachment":[{"href":"https:\/\/diarioregionaldigital.com.br\/index.php?rest_route=%2Fwp%2Fv2%2Fmedia&parent=75648"}],"wp:term":[{"taxonomy":"category","embeddable":true,"href":"https:\/\/diarioregionaldigital.com.br\/index.php?rest_route=%2Fwp%2Fv2%2Fcategories&post=75648"},{"taxonomy":"post_tag","embeddable":true,"href":"https:\/\/diarioregionaldigital.com.br\/index.php?rest_route=%2Fwp%2Fv2%2Ftags&post=75648"}],"curies":[{"name":"wp","href":"https:\/\/api.w.org\/{rel}","templated":true}]}}