{"id":75644,"date":"2017-06-19T22:38:36","date_gmt":"2017-06-20T01:38:36","guid":{"rendered":"http:\/\/diarioregionaljf.com.br\/2017\/06\/19\/mercado-financeiro-reduz-projecao-para-inflacao-e-pib\/"},"modified":"2017-06-19T22:38:36","modified_gmt":"2017-06-20T01:38:36","slug":"mercado-financeiro-reduz-projecao-para-inflacao-e-pib","status":"publish","type":"post","link":"https:\/\/diarioregionaldigital.com.br\/?p=75644","title":{"rendered":"Mercado financeiro reduz proje\u00e7\u00e3o para infla\u00e7\u00e3o e PIB"},"content":{"rendered":"<p>O mercado financeiro reduziu a proje\u00e7\u00e3o para a infla\u00e7\u00e3o e para o crescimento da economia este ano. Segundo do boletim Focus, publica\u00e7\u00e3o elaborada todas as semanas pelo Banco Central (BC) com base em estimativas de institui\u00e7\u00f5es financeiras, a proje\u00e7\u00e3o para o \u00cdndice Nacional de Pre\u00e7os ao Consumidor Amplo (IPCA), passou de 3,71% para 3,64% este ano.<\/p>\n<p>Essa foi a terceira redu\u00e7\u00e3o seguida. Para 2018, a estimativa caiu de 4,37% para 4,33% no segundo ajuste consecutivo. As proje\u00e7\u00f5es permanecem abaixo do centro da meta de infla\u00e7\u00e3o, que \u00e9 de 4,5%.<\/p>\n<p>Para o junho, o mercado financeiro espera por defla\u00e7\u00e3o (-0,07%), ap\u00f3s projetar estabilidade dos pre\u00e7os na semana passada. A estimativa para o crescimento do Produto Interno Bruto (PIB), a soma de todas as riquezas produzidas pelo pa\u00eds, foi reduzida de 0,41% para 0,40%, em 2017, no segundo ajuste consecutivo. Para o pr\u00f3ximo ano, a proje\u00e7\u00e3o de crescimento da economia passou de 2,30% para 2,20% na quarta redu\u00e7\u00e3o consecutiva.<\/p>\n<p>Para as institui\u00e7\u00f5es financeiras, a taxa Selic encerrar\u00e1 2017 e 2018 em 8,5% ao ano. Atualmente, a Selic est\u00e1 em 10,25% ao ano. A Selic \u00e9 um dos instrumentos usados para influenciar a atividade econ\u00f4mica e, consequentemente, a infla\u00e7\u00e3o. Quando o Copom aumenta a Selic, a meta \u00e9 conter a demanda aquecida, e isso gera reflexos nos pre\u00e7os porque os juros mais altos encarecem o cr\u00e9dito e estimulam a poupan\u00e7a.<\/p>\n<p>J\u00e1 quando o Copom diminui os juros b\u00e1sicos, a tend\u00eancia \u00e9 que o cr\u00e9dito fique mais barato, com incentivo \u00e0 produ\u00e7\u00e3o e ao consumo, reduzindo o controle sobre a infla\u00e7\u00e3o.<\/p>\n<p>Fonte: Ag\u00eancia Brasil<\/p>\n","protected":false},"excerpt":{"rendered":"<p>O mercado financeiro reduziu a proje\u00e7\u00e3o para a infla\u00e7\u00e3o e para o crescimento da economia este ano. Segundo do boletim Focus, publica\u00e7\u00e3o elaborada todas as semanas pelo Banco Central (BC) com base em estimativas de institui\u00e7\u00f5es financeiras, a proje\u00e7\u00e3o para o \u00cdndice Nacional de Pre\u00e7os ao Consumidor Amplo (IPCA), passou de 3,71% para 3,64% este [&hellip;]<\/p>\n","protected":false},"author":96,"featured_media":0,"comment_status":"closed","ping_status":"closed","sticky":false,"template":"","format":"standard","meta":{"footnotes":""},"categories":[261],"tags":[],"class_list":["post-75644","post","type-post","status-publish","format-standard","hentry","category-economia"],"_links":{"self":[{"href":"https:\/\/diarioregionaldigital.com.br\/index.php?rest_route=\/wp\/v2\/posts\/75644","targetHints":{"allow":["GET"]}}],"collection":[{"href":"https:\/\/diarioregionaldigital.com.br\/index.php?rest_route=\/wp\/v2\/posts"}],"about":[{"href":"https:\/\/diarioregionaldigital.com.br\/index.php?rest_route=\/wp\/v2\/types\/post"}],"author":[{"embeddable":true,"href":"https:\/\/diarioregionaldigital.com.br\/index.php?rest_route=\/wp\/v2\/users\/96"}],"replies":[{"embeddable":true,"href":"https:\/\/diarioregionaldigital.com.br\/index.php?rest_route=%2Fwp%2Fv2%2Fcomments&post=75644"}],"version-history":[{"count":0,"href":"https:\/\/diarioregionaldigital.com.br\/index.php?rest_route=\/wp\/v2\/posts\/75644\/revisions"}],"wp:attachment":[{"href":"https:\/\/diarioregionaldigital.com.br\/index.php?rest_route=%2Fwp%2Fv2%2Fmedia&parent=75644"}],"wp:term":[{"taxonomy":"category","embeddable":true,"href":"https:\/\/diarioregionaldigital.com.br\/index.php?rest_route=%2Fwp%2Fv2%2Fcategories&post=75644"},{"taxonomy":"post_tag","embeddable":true,"href":"https:\/\/diarioregionaldigital.com.br\/index.php?rest_route=%2Fwp%2Fv2%2Ftags&post=75644"}],"curies":[{"name":"wp","href":"https:\/\/api.w.org\/{rel}","templated":true}]}}