{"id":75535,"date":"2017-06-16T22:45:48","date_gmt":"2017-06-17T01:45:48","guid":{"rendered":"http:\/\/diarioregionaljf.com.br\/2017\/06\/16\/juiz-de-fora-recebe-escritorio-da-fenacab\/"},"modified":"2017-06-16T22:45:48","modified_gmt":"2017-06-17T01:45:48","slug":"juiz-de-fora-recebe-escritorio-da-fenacab","status":"publish","type":"post","link":"https:\/\/diarioregionaldigital.com.br\/?p=75535","title":{"rendered":"Juiz de Fora recebe escrit\u00f3rio da Fenacab"},"content":{"rendered":"<p>Foi inaugurado nesse s\u00e1bado, 17, o escrit\u00f3rio da Federa\u00e7\u00e3o Nacional dos Cultos Afro-Brasileiros (Fenacab) da regi\u00e3o Sudeste, na cidade de Juiz de Fora. Durante o evento foram homenageados sacerdotes, integrantes de sindicatos trabalhistas, autoridades e algumas pessoas que se identificam com a Cultura Popular e Afrodescendente. Al\u00e9m disso, apresenta\u00e7\u00f5es de grupos culturais e shows com artistas locais, complementaram a cerim\u00f4nia na Pra\u00e7a Ant\u00f4nio Carlos.<\/p>\n<p>Conforme a Vice-coordenadora da Fenacab Sudeste, En\u00f3ia de Sousa, o objetivo da associa\u00e7\u00e3o \u00e9 trabalhar e combater a intoler\u00e2ncia \u00e0s comunidades tradicionais e de religi\u00e3o de matriz africana. \u201cVamos trabalhar junto aos afrodescendentes no combate as intoler\u00e2ncias religiosas e ao preconceito, n\u00e3o s\u00f3 as religi\u00f5es de matriz africanas, mas, tamb\u00e9m as de outras religi\u00f5es\u201d, explicou.<\/p>\n<p>Ainda, no decorrer das festividades, cerca de 27 barracas com produtos artesanais, produzidos pelas \u201cMulheres Arteiras\u201d, como se intitulam, foram apresentados. Oficinas, rodas de conversa e capoeira, e diversas outras atividades integraram o dia do evento.<\/p>\n<p><strong>ORIGEM<\/strong><\/p>\n<p>A Fenacab foi fundada em Salvador (BAHIA-BA), h\u00e1 70 anos. Ela atua na defesa dos direitos e prerrogativas do \u201cPovo de Santo\u201d, em casos de intoler\u00e2ncia religiosa e na manuten\u00e7\u00e3o da liberdade do \u201cCulto aos Orix\u00e1s\u201d, preservando \u00e1s tradi\u00e7\u00f5es. \u201cEla \u00e9 dividida nas regi\u00f5es do Brasil e, em 18 de dezembro de 2016, no Rio de janeiro, inauguramos a entidade Sudeste, que responde pelos estados de S\u00e3o Paulo, Minas Gerais e Esp\u00edrito santo\u201d, finalizou En\u00f3ia.<\/p>\n","protected":false},"excerpt":{"rendered":"<p>Foi inaugurado nesse s\u00e1bado, 17, o escrit\u00f3rio da Federa\u00e7\u00e3o Nacional dos Cultos Afro-Brasileiros (Fenacab) da regi\u00e3o Sudeste, na cidade de Juiz de Fora. Durante o evento foram homenageados sacerdotes, integrantes de sindicatos trabalhistas, autoridades e algumas pessoas que se identificam com a Cultura Popular e Afrodescendente. Al\u00e9m disso, apresenta\u00e7\u00f5es de grupos culturais e shows com [&hellip;]<\/p>\n","protected":false},"author":96,"featured_media":0,"comment_status":"closed","ping_status":"closed","sticky":false,"template":"","format":"standard","meta":{"footnotes":""},"categories":[253],"tags":[],"class_list":["post-75535","post","type-post","status-publish","format-standard","hentry","category-cidade"],"_links":{"self":[{"href":"https:\/\/diarioregionaldigital.com.br\/index.php?rest_route=\/wp\/v2\/posts\/75535","targetHints":{"allow":["GET"]}}],"collection":[{"href":"https:\/\/diarioregionaldigital.com.br\/index.php?rest_route=\/wp\/v2\/posts"}],"about":[{"href":"https:\/\/diarioregionaldigital.com.br\/index.php?rest_route=\/wp\/v2\/types\/post"}],"author":[{"embeddable":true,"href":"https:\/\/diarioregionaldigital.com.br\/index.php?rest_route=\/wp\/v2\/users\/96"}],"replies":[{"embeddable":true,"href":"https:\/\/diarioregionaldigital.com.br\/index.php?rest_route=%2Fwp%2Fv2%2Fcomments&post=75535"}],"version-history":[{"count":0,"href":"https:\/\/diarioregionaldigital.com.br\/index.php?rest_route=\/wp\/v2\/posts\/75535\/revisions"}],"wp:attachment":[{"href":"https:\/\/diarioregionaldigital.com.br\/index.php?rest_route=%2Fwp%2Fv2%2Fmedia&parent=75535"}],"wp:term":[{"taxonomy":"category","embeddable":true,"href":"https:\/\/diarioregionaldigital.com.br\/index.php?rest_route=%2Fwp%2Fv2%2Fcategories&post=75535"},{"taxonomy":"post_tag","embeddable":true,"href":"https:\/\/diarioregionaldigital.com.br\/index.php?rest_route=%2Fwp%2Fv2%2Ftags&post=75535"}],"curies":[{"name":"wp","href":"https:\/\/api.w.org\/{rel}","templated":true}]}}