{"id":75534,"date":"2017-06-16T22:25:26","date_gmt":"2017-06-17T01:25:26","guid":{"rendered":"http:\/\/diarioregionaljf.com.br\/2017\/06\/16\/settra-disponibiliza-onibus-extras-para-evento-na-comunidade-resgate\/"},"modified":"2017-06-16T22:25:26","modified_gmt":"2017-06-17T01:25:26","slug":"settra-disponibiliza-onibus-extras-para-evento-na-comunidade-resgate","status":"publish","type":"post","link":"https:\/\/diarioregionaldigital.com.br\/?p=75534","title":{"rendered":"Settra disponibiliza \u00f4nibus extras para evento na Comunidade Resgate"},"content":{"rendered":"<p>Para atender ao evento que acontecer\u00e1 na Comunidade Resgate, no bairro Floresta, zona Sudeste, a Secretaria de Transporte e Tr\u00e2nsito (Settra), da Prefeitura de Juiz de Fora (PJF), disponibilizar\u00e1, nesse domingo, 18, \u00f4nibus extras com destino \u00e0 Fazenda S\u00e3o Fid\u00e9lis. Ser\u00e3o dez hor\u00e1rios com sa\u00edda do Centro e quatro do bairro. A Linha 380 estar\u00e1 devidamente identificada, como \u201cComunidade Resgate\u201d, e ser\u00e1 cobrada tarifa normal, no valor de R$2,75.<\/p>\n<p>Sa\u00eddas do Centro: 9h30; 10h; 11h; 11h30; 12h; 13h; 13h30; 14h; 15h e 15h30. Sa\u00eddas do Resgate: 18h35; 18h40; 18h45 e 18h50.<\/p>\n<p>Itiner\u00e1rio sentido Centro\/Floresta: Ruas da Bahia, \u00c2ngelo Falci e Jo\u00e3o Pessoa de Rezende, Avenida Francisco Bernardino, Rua S\u00e3o Sebasti\u00e3o, Avenida Presidente Get\u00falio Vargas, ruas Esp\u00edrito Santo e Os\u00f3rio de Almeida, Avenida Francisco Valadares, Estrada Uni\u00e3o e Ind\u00fastria, Trevo para Bicas, Avenida Doutor Francisco Alvares de Assis, BR 267.<\/p>\n<p>Fonte: Assessoria<\/p>\n","protected":false},"excerpt":{"rendered":"<p>Para atender ao evento que acontecer\u00e1 na Comunidade Resgate, no bairro Floresta, zona Sudeste, a Secretaria de Transporte e Tr\u00e2nsito (Settra), da Prefeitura de Juiz de Fora (PJF), disponibilizar\u00e1, nesse domingo, 18, \u00f4nibus extras com destino \u00e0 Fazenda S\u00e3o Fid\u00e9lis. Ser\u00e3o dez hor\u00e1rios com sa\u00edda do Centro e quatro do bairro. A Linha 380 estar\u00e1 [&hellip;]<\/p>\n","protected":false},"author":96,"featured_media":0,"comment_status":"closed","ping_status":"closed","sticky":false,"template":"","format":"standard","meta":{"footnotes":""},"categories":[253],"tags":[],"class_list":["post-75534","post","type-post","status-publish","format-standard","hentry","category-cidade"],"_links":{"self":[{"href":"https:\/\/diarioregionaldigital.com.br\/index.php?rest_route=\/wp\/v2\/posts\/75534","targetHints":{"allow":["GET"]}}],"collection":[{"href":"https:\/\/diarioregionaldigital.com.br\/index.php?rest_route=\/wp\/v2\/posts"}],"about":[{"href":"https:\/\/diarioregionaldigital.com.br\/index.php?rest_route=\/wp\/v2\/types\/post"}],"author":[{"embeddable":true,"href":"https:\/\/diarioregionaldigital.com.br\/index.php?rest_route=\/wp\/v2\/users\/96"}],"replies":[{"embeddable":true,"href":"https:\/\/diarioregionaldigital.com.br\/index.php?rest_route=%2Fwp%2Fv2%2Fcomments&post=75534"}],"version-history":[{"count":0,"href":"https:\/\/diarioregionaldigital.com.br\/index.php?rest_route=\/wp\/v2\/posts\/75534\/revisions"}],"wp:attachment":[{"href":"https:\/\/diarioregionaldigital.com.br\/index.php?rest_route=%2Fwp%2Fv2%2Fmedia&parent=75534"}],"wp:term":[{"taxonomy":"category","embeddable":true,"href":"https:\/\/diarioregionaldigital.com.br\/index.php?rest_route=%2Fwp%2Fv2%2Fcategories&post=75534"},{"taxonomy":"post_tag","embeddable":true,"href":"https:\/\/diarioregionaldigital.com.br\/index.php?rest_route=%2Fwp%2Fv2%2Ftags&post=75534"}],"curies":[{"name":"wp","href":"https:\/\/api.w.org\/{rel}","templated":true}]}}