{"id":75533,"date":"2017-06-16T22:21:25","date_gmt":"2017-06-17T01:21:25","guid":{"rendered":"http:\/\/diarioregionaljf.com.br\/2017\/06\/16\/a-arquitetura-e-a-tatuagem-na-testa\/"},"modified":"2017-06-16T22:21:25","modified_gmt":"2017-06-17T01:21:25","slug":"a-arquitetura-e-a-tatuagem-na-testa","status":"publish","type":"post","link":"https:\/\/diarioregionaldigital.com.br\/?p=75533","title":{"rendered":"A Arquitetura e a tatuagem na testa"},"content":{"rendered":"<p><a href=\"https:\/\/www.facebook.com\/Argusarquitetura\/\" target=\"_blank\" rel=\"noopener noreferrer\"><img loading=\"lazy\" decoding=\"async\" class=\" size-full wp-image-75527\" src=\"http:\/\/diarioregionaljf.com.br\/wp-content\/uploads\/2017\/06\/diario-int-16911-1.jpg\" alt=\" cabecalho arquitetura\" width=\"641\" height=\"64\" srcset=\"https:\/\/diarioregionaldigital.com.br\/wp-content\/uploads\/2017\/06\/diario-int-16911-1.jpg 641w, https:\/\/diarioregionaldigital.com.br\/wp-content\/uploads\/2017\/06\/diario-int-16911-1-300x30.jpg 300w, https:\/\/diarioregionaldigital.com.br\/wp-content\/uploads\/2017\/06\/diario-int-16911-1-360x36.jpg 360w\" sizes=\"auto, (max-width: 641px) 100vw, 641px\" \/><\/a><br \/>Vivemos tempos frios.<\/p>\n<p>N\u00e3o porque o in\u00edcio do inverno acontecer\u00e1 daqui a tr\u00eas dias, mas porque apesar de todo o desenvolvimento tecnol\u00f3gico, que nos conecta, estamos cada vez mais afastados do calor humano.<\/p>\n<p>As pequenas gentilezas, os gestos de respeito e toler\u00e2ncia esmaecem sob o desenvolvimento cient\u00edfico, sob os jarg\u00f5es e tecnicismos jur\u00eddicos, sob o partidarismo social, sob os politicamente corretos&#8230;<\/p>\n<p>Nos encastelamos em nossas convic\u00e7\u00f5es e nas bolhas daqueles que comungam de nossas opini\u00f5es e esquecemos que o pr\u00f3ximo, aquele que teoricamente dever\u00edamos amar, \u00e9 exatamente o que n\u00e3o comunga conosco dentro das nossas muralhas pol\u00edticas, religiosas, sociais.<\/p>\n<p>S\u00f3 pensamos no \u201cpr\u00f3ximo\u201d na hora em que temos que delegar a culpa.<\/p>\n<p>Estamos frios, indiferentes? A culpa \u00e9 do pr\u00f3ximo.<\/p>\n<p><img loading=\"lazy\" decoding=\"async\" class=\" size-full wp-image-75528\" src=\"http:\/\/diarioregionaljf.com.br\/wp-content\/uploads\/2017\/06\/diario-int-16911-2.jpg\" alt=\"01\" width=\"640\" height=\"425\" srcset=\"https:\/\/diarioregionaldigital.com.br\/wp-content\/uploads\/2017\/06\/diario-int-16911-2.jpg 640w, https:\/\/diarioregionaldigital.com.br\/wp-content\/uploads\/2017\/06\/diario-int-16911-2-300x199.jpg 300w, https:\/\/diarioregionaldigital.com.br\/wp-content\/uploads\/2017\/06\/diario-int-16911-2-360x239.jpg 360w\" sizes=\"auto, (max-width: 640px) 100vw, 640px\" \/><br \/>H\u00e1 uns dias atr\u00e1s, um rapaz foi pego tentando roubar a bicicleta de um idoso. Culpa de quem? Da sociedade que n\u00e3o deu oportunidades para esse pobre rapaz, ou seja, do pr\u00f3ximo.<\/p>\n<p>A\u00ed duas pessoas que viram a cena pegaram o <span style=\"text-decoration: line-through;\">bandido<\/span> suspeito no flagrante e tatuaram sua testa, como ato cat\u00e1rtico, medieval ou de Tali\u00e3o, a seguinte frase: \u201ceu sou ladr\u00e3o e vacil\u00e3o\u201d.<\/p>\n<p>Roubar \u00e9 crime, mas fazer justi\u00e7a com as pr\u00f3prias m\u00e3os tamb\u00e9m. Ainda mais fazer justi\u00e7a contra quem apesar de estar roubando na verdade \u00e9 v\u00edtima (da sociedade).<\/p>\n<p>Mas os tatuadores t\u00eam culpa pelo seu ato? Claro que n\u00e3o, a culpa \u00e9 do sistema judici\u00e1rio, que n\u00e3o \u00e9 eficaz e acaba sendo tolerante e permissivo com a criminalidade, punindo, no fim das contas, as pessoas de bem (as v\u00edtimas das v\u00edtimas da sociedade). Ou seja, a culpa \u00e9 do pr\u00f3ximo.<\/p>\n<p>A justi\u00e7a \u00e9 lenta, pesada e ineficaz. Culpa dela? Claro que n\u00e3o. As leis s\u00e3o cheias de brechas e feitas por pessoas que est\u00e3o mais interessadas em cri\u00e1-las para proteger a si pr\u00f3prios e seus interesses.<\/p>\n<p>Os congressistas, senadores e poderes executivos \u00e9 que fazem as leis, que teoricamente s\u00e3o ison\u00f4micas, ou seja, onde todos s\u00e3o iguais perante as leis. Mas os legisladores s\u00e3o \u201cmais iguais\u201d do que os outros e h\u00e1 uma s\u00e9rie de benef\u00edcios que s\u00f3 se aplicam a eles mesmos. Assim, a culpa do judici\u00e1rio ineficiente \u00e9 do legislativo, ou seja: o pr\u00f3ximo.<\/p>\n<p>Os pol\u00edticos, por sua vez, n\u00e3o s\u00e3o os culpados por isso tudo, pois foram eleitos por pessoas com suas mesmas caracter\u00edsticas, que s\u00f3 pensam em garantir o seu lado primeiro (s\u00f3 o MEU pol\u00edtico n\u00e3o \u00e9 assim).<\/p>\n<p>Ent\u00e3o a culpa dos pol\u00edticos corruptos, inescrupulosos e interessei\u00adros \u00e9 deles? Claro que n\u00e3o. Eles s\u00e3o v\u00edtimas do voto popular. Inclusive do povo que vota, com a tatuagem na testa ou n\u00e3o.<\/p>\n<p>O tatuado foi v\u00edtima do tatuador, que foi v\u00edtima do judici\u00e1rio ineficiente, que foi v\u00edtima do legislativo, que foi v\u00edtima do tatuado. Ou seja: ningu\u00e9m \u00e9 o respons\u00e1vel, ou todos s\u00e3o, individualmente, respons\u00e1veis? S\u00f3 uma dessas respostas leva \u00e0 solu\u00e7\u00e3o.<\/p>\n<p>Vivemos tempos frios. Mas, se a culpa \u00e9 do pr\u00f3ximo, para que EU vou me &#8220;esquentar com isso\u201d.<\/p>\n<p>E apontar os defeitos e erros (do pr\u00f3ximo) \u00e9 mais f\u00e1cil, al\u00e9m de parecer mais culto.<\/p>\n<p>N\u00e3o \u00e9 tentando fugir do frio que se chega ao calor mas, sim, buscando o calor.<\/p>\n<p>Como diria um antigo s\u00e1bio: n\u00e3o se termina o \u00f3dio com o \u00f3dio.<\/p>\n<p>Estamos chegando no Inverno, e os frios mais intensos ainda vir\u00e3o.&nbsp;E sabe como a natureza sai do Inverno?<\/p>\n<p>Se recolhe, interna\u00adliza e mira a Primavera.<\/p>\n<p>N\u00e3o \u00e9 falando mal do frio que sa\u00edmos dele, mas usando seu recolhimento inerente para refletir: o que \u00e9 o calor?<\/p>\n<p>Se n\u00e3o for assim, viveremos como fugitivos, pois n\u00e3o sabemos aonde queremos chegar.<\/p>\n<p>E a arquitetura com tudo isso?<\/p>\n<p>A maioria dos arquitetos n\u00e3o t\u00eam o poder de interferir diretamente no urbano, assim, isso seria culpa de quem? Do estado.<\/p>\n<p>No global \u00e9 dif\u00edcil intervirmos, mas os pequenos projetos est\u00e3o sob nossa al\u00e7ada. E eles acabam refletindo no urbano.<\/p>\n<p>Nossa diferen\u00e7a pode estar no projeto de um grande edif\u00edcio, que se integra gentilmente com o meio, ou na proposta de pequenas interven\u00e7\u00f5es paisag\u00edsticas, no simples.<br \/>Da\u00ed se nasce novamente!<\/p>\n<p>Segundo Plat\u00e3o o Belo, o Bom e o Justo formam uma unidade.<\/p>\n<p>A arquitetura \u00e9, por ess\u00eancia, a busca da concretiza\u00e7\u00e3o do belo.&nbsp;O arquiteto tem a\u00ed o seu papel.<\/p>\n<p>Bom Inverno a todos! Ou, como se deseja em outras tradi\u00e7\u00f5es:<\/p>\n<p>Feliz Natal!<\/p>\n<p><span style=\"color: #3366ff;\"><strong><img loading=\"lazy\" decoding=\"async\" class=\" size-full wp-image-75529\" src=\"http:\/\/diarioregionaljf.com.br\/wp-content\/uploads\/2017\/06\/diario-int-16911-3.jpg\" alt=\"02\" width=\"640\" height=\"673\" srcset=\"https:\/\/diarioregionaldigital.com.br\/wp-content\/uploads\/2017\/06\/diario-int-16911-3.jpg 640w, https:\/\/diarioregionaldigital.com.br\/wp-content\/uploads\/2017\/06\/diario-int-16911-3-285x300.jpg 285w, https:\/\/diarioregionaldigital.com.br\/wp-content\/uploads\/2017\/06\/diario-int-16911-3-360x379.jpg 360w\" sizes=\"auto, (max-width: 640px) 100vw, 640px\" \/><br \/>O L\u00daDICO<\/strong><\/span><br \/>O l\u00fadico tem a capacidade de amenizar a brutalidade cotidiana e remeter os pensamentos a solu\u00e7\u00f5es leves e descontaminadas de revanchismos.<\/p>\n<p><span style=\"color: #3366ff;\"><strong><img loading=\"lazy\" decoding=\"async\" class=\" size-full wp-image-75530\" src=\"http:\/\/diarioregionaljf.com.br\/wp-content\/uploads\/2017\/06\/diario-int-16911-4.jpg\" alt=\"03\" width=\"640\" height=\"324\" srcset=\"https:\/\/diarioregionaldigital.com.br\/wp-content\/uploads\/2017\/06\/diario-int-16911-4.jpg 640w, https:\/\/diarioregionaldigital.com.br\/wp-content\/uploads\/2017\/06\/diario-int-16911-4-300x152.jpg 300w, https:\/\/diarioregionaldigital.com.br\/wp-content\/uploads\/2017\/06\/diario-int-16911-4-360x182.jpg 360w\" sizes=\"auto, (max-width: 640px) 100vw, 640px\" \/><br \/>TATUGEM URBANA<\/strong><\/span><br \/>O grafite bem integrado com o entorno tem a capacidade de trazer o l\u00fadico. \u00c9 uma \u201ctatuagem na testa\u201d do urbano.<\/p>\n<p><span style=\"color: #3366ff;\"><strong><img loading=\"lazy\" decoding=\"async\" class=\" size-full wp-image-75531\" src=\"http:\/\/diarioregionaljf.com.br\/wp-content\/uploads\/2017\/06\/diario-int-16911-5.jpg\" alt=\"04\" width=\"640\" height=\"496\" srcset=\"https:\/\/diarioregionaldigital.com.br\/wp-content\/uploads\/2017\/06\/diario-int-16911-5.jpg 640w, https:\/\/diarioregionaldigital.com.br\/wp-content\/uploads\/2017\/06\/diario-int-16911-5-300x233.jpg 300w, https:\/\/diarioregionaldigital.com.br\/wp-content\/uploads\/2017\/06\/diario-int-16911-5-360x279.jpg 360w\" sizes=\"auto, (max-width: 640px) 100vw, 640px\" \/><br \/>ENTREGA AO URBANO<\/strong><\/span><br \/>Normalmente as constru\u00e7\u00f5es precisam respeitar um afastamento de 3m para a cal\u00e7ada.<br \/>Porque n\u00e3o \u201centregar\u201d esse espa\u00e7o ao urbano atrav\u00e9s de jardins ao inv\u00e9s de enclausur\u00e1-lo em muros?<br \/>Muros deixam a casa mais insegura e criam cidades mais hostis.<\/p>\n<p><a href=\"https:\/\/www.facebook.com\/Argusarquitetura\/\" target=\"_blank\" rel=\"noopener noreferrer\"><img loading=\"lazy\" decoding=\"async\" class=\" size-full wp-image-75532\" src=\"http:\/\/diarioregionaljf.com.br\/wp-content\/uploads\/2017\/06\/diario-int-16911-6.jpg\" alt=\"06\" width=\"640\" height=\"356\" srcset=\"https:\/\/diarioregionaldigital.com.br\/wp-content\/uploads\/2017\/06\/diario-int-16911-6.jpg 640w, https:\/\/diarioregionaldigital.com.br\/wp-content\/uploads\/2017\/06\/diario-int-16911-6-300x167.jpg 300w, https:\/\/diarioregionaldigital.com.br\/wp-content\/uploads\/2017\/06\/diario-int-16911-6-360x200.jpg 360w\" sizes=\"auto, (max-width: 640px) 100vw, 640px\" \/><\/a><\/p>\n","protected":false},"excerpt":{"rendered":"<p>Vivemos tempos frios. N\u00e3o porque o in\u00edcio do inverno acontecer\u00e1 daqui a tr\u00eas dias, mas porque apesar de todo o desenvolvimento tecnol\u00f3gico, que nos conecta, estamos cada vez mais afastados do calor humano. As pequenas gentilezas, os gestos de respeito e toler\u00e2ncia esmaecem sob o desenvolvimento cient\u00edfico, sob os jarg\u00f5es e tecnicismos jur\u00eddicos, sob o [&hellip;]<\/p>\n","protected":false},"author":96,"featured_media":75526,"comment_status":"closed","ping_status":"closed","sticky":false,"template":"","format":"standard","meta":{"footnotes":""},"categories":[287],"tags":[],"class_list":["post-75533","post","type-post","status-publish","format-standard","has-post-thumbnail","hentry","category-arquitetura-fabiano-teixeira"],"_links":{"self":[{"href":"https:\/\/diarioregionaldigital.com.br\/index.php?rest_route=\/wp\/v2\/posts\/75533","targetHints":{"allow":["GET"]}}],"collection":[{"href":"https:\/\/diarioregionaldigital.com.br\/index.php?rest_route=\/wp\/v2\/posts"}],"about":[{"href":"https:\/\/diarioregionaldigital.com.br\/index.php?rest_route=\/wp\/v2\/types\/post"}],"author":[{"embeddable":true,"href":"https:\/\/diarioregionaldigital.com.br\/index.php?rest_route=\/wp\/v2\/users\/96"}],"replies":[{"embeddable":true,"href":"https:\/\/diarioregionaldigital.com.br\/index.php?rest_route=%2Fwp%2Fv2%2Fcomments&post=75533"}],"version-history":[{"count":0,"href":"https:\/\/diarioregionaldigital.com.br\/index.php?rest_route=\/wp\/v2\/posts\/75533\/revisions"}],"wp:featuredmedia":[{"embeddable":true,"href":"https:\/\/diarioregionaldigital.com.br\/index.php?rest_route=\/wp\/v2\/media\/75526"}],"wp:attachment":[{"href":"https:\/\/diarioregionaldigital.com.br\/index.php?rest_route=%2Fwp%2Fv2%2Fmedia&parent=75533"}],"wp:term":[{"taxonomy":"category","embeddable":true,"href":"https:\/\/diarioregionaldigital.com.br\/index.php?rest_route=%2Fwp%2Fv2%2Fcategories&post=75533"},{"taxonomy":"post_tag","embeddable":true,"href":"https:\/\/diarioregionaldigital.com.br\/index.php?rest_route=%2Fwp%2Fv2%2Ftags&post=75533"}],"curies":[{"name":"wp","href":"https:\/\/api.w.org\/{rel}","templated":true}]}}