{"id":75525,"date":"2017-06-16T22:13:14","date_gmt":"2017-06-17T01:13:14","guid":{"rendered":"http:\/\/diarioregionaljf.com.br\/2017\/06\/16\/domingo-tera-dia-seco-e-noite-fria\/"},"modified":"2017-06-16T22:13:14","modified_gmt":"2017-06-17T01:13:14","slug":"domingo-tera-dia-seco-e-noite-fria","status":"publish","type":"post","link":"https:\/\/diarioregionaldigital.com.br\/?p=75525","title":{"rendered":"Domingo ter\u00e1 dia seco e noite fria"},"content":{"rendered":"<p>A previs\u00e3o do tempo neste domingo, 18, \u00e9 de total estabilidade. Com a massa de ar seco predominando na regi\u00e3o, a tend\u00eancia \u00e9 de c\u00e9u claro e limpo pela manh\u00e3, tarde parcialmente nublada, sem previs\u00e3o de chuvas. No entanto, a noite pode terminar bem fria, em raz\u00e3o da perda de calor, que \u00e9 natural neste per\u00edodo.<\/p>\n<p>Conforme o 5\u00ba Distrito do Instituto Nacional de Meteorologia (Inmet), os term\u00f4metros podem registrar temperaturas entre 12 e 22 graus, podendo a m\u00ednima cair para 11 graus na madrugada de segunda-feira.<\/p>\n","protected":false},"excerpt":{"rendered":"<p>A previs\u00e3o do tempo neste domingo, 18, \u00e9 de total estabilidade. Com a massa de ar seco predominando na regi\u00e3o, a tend\u00eancia \u00e9 de c\u00e9u claro e limpo pela manh\u00e3, tarde parcialmente nublada, sem previs\u00e3o de chuvas. No entanto, a noite pode terminar bem fria, em raz\u00e3o da perda de calor, que \u00e9 natural neste [&hellip;]<\/p>\n","protected":false},"author":96,"featured_media":0,"comment_status":"closed","ping_status":"closed","sticky":false,"template":"","format":"standard","meta":{"footnotes":""},"categories":[253],"tags":[],"class_list":["post-75525","post","type-post","status-publish","format-standard","hentry","category-cidade"],"_links":{"self":[{"href":"https:\/\/diarioregionaldigital.com.br\/index.php?rest_route=\/wp\/v2\/posts\/75525","targetHints":{"allow":["GET"]}}],"collection":[{"href":"https:\/\/diarioregionaldigital.com.br\/index.php?rest_route=\/wp\/v2\/posts"}],"about":[{"href":"https:\/\/diarioregionaldigital.com.br\/index.php?rest_route=\/wp\/v2\/types\/post"}],"author":[{"embeddable":true,"href":"https:\/\/diarioregionaldigital.com.br\/index.php?rest_route=\/wp\/v2\/users\/96"}],"replies":[{"embeddable":true,"href":"https:\/\/diarioregionaldigital.com.br\/index.php?rest_route=%2Fwp%2Fv2%2Fcomments&post=75525"}],"version-history":[{"count":0,"href":"https:\/\/diarioregionaldigital.com.br\/index.php?rest_route=\/wp\/v2\/posts\/75525\/revisions"}],"wp:attachment":[{"href":"https:\/\/diarioregionaldigital.com.br\/index.php?rest_route=%2Fwp%2Fv2%2Fmedia&parent=75525"}],"wp:term":[{"taxonomy":"category","embeddable":true,"href":"https:\/\/diarioregionaldigital.com.br\/index.php?rest_route=%2Fwp%2Fv2%2Fcategories&post=75525"},{"taxonomy":"post_tag","embeddable":true,"href":"https:\/\/diarioregionaldigital.com.br\/index.php?rest_route=%2Fwp%2Fv2%2Ftags&post=75525"}],"curies":[{"name":"wp","href":"https:\/\/api.w.org\/{rel}","templated":true}]}}