{"id":75524,"date":"2017-06-16T22:10:11","date_gmt":"2017-06-17T01:10:11","guid":{"rendered":"http:\/\/diarioregionaljf.com.br\/2017\/06\/16\/sindicato-dos-bancarios-realiza-nova-assembleia-para-definir-acoes-sobre-greve-geral\/"},"modified":"2017-06-16T22:10:11","modified_gmt":"2017-06-17T01:10:11","slug":"sindicato-dos-bancarios-realiza-nova-assembleia-para-definir-acoes-sobre-greve-geral","status":"publish","type":"post","link":"https:\/\/diarioregionaldigital.com.br\/?p=75524","title":{"rendered":"Sindicato dos banc\u00e1rios realiza nova assembleia para definir a\u00e7\u00f5es sobre greve geral"},"content":{"rendered":"<p>Nesta segunda-feira, 19, o Sindicato dos Banc\u00e1rios de Juiz de Fora (Sintraf-JF), realizar\u00e1 uma assembleia \u00e0s 18 horas, para discutir a pauta de atividades da greve geral, prevista para o dia 30 de junho. \u201cVamos definir a programa\u00e7\u00e3o do dia 30 e, a partir disso, decidiremos se vamos parar ou n\u00e3o\u201d, explicou o presidente do Sintraf-JF, Wato\u00edra Ant\u00f4nio de Oliveira. Na reuni\u00e3o, os banc\u00e1rios tamb\u00e9m organizar\u00e3o as a\u00e7\u00f5es de um manifesto que ser\u00e1 realizado na ter\u00e7a-feira, 20, \u00e0s 17 horas, em frente \u00e0 C\u00e2mara Municipal.<\/p>\n<p>Conforme Oliveira, a classe est\u00e1 reivindicando a forma com que o governo conduz as reformas trabalhistas e da previd\u00eancia. \u201c\u00c9 o maior desrespeito a classe trabalhadora, est\u00e3o rasgando as leis do trabalhador. Est\u00e3o contra a na\u00e7\u00e3o, retirando os diretos e as nossas conquistas\u201d, refor\u00e7ou. \u201cEstamos mostrando a nossa luta de classe. O trabalhador deve ficar atento mesmo, ele sempre esteve nas ruas, lutando pelos seus direitos, pelas suas conquistas, e n\u00e3o deve parar\u201d, finalizou Oliveira.<\/p>\n<p>A reuni\u00e3o est\u00e1 agendada para ocorrer na sede da entidade, na Rua Batista de Oliveira, 745, regi\u00e3o central.<\/p>\n","protected":false},"excerpt":{"rendered":"<p>Nesta segunda-feira, 19, o Sindicato dos Banc\u00e1rios de Juiz de Fora (Sintraf-JF), realizar\u00e1 uma assembleia \u00e0s 18 horas, para discutir a pauta de atividades da greve geral, prevista para o dia 30 de junho. \u201cVamos definir a programa\u00e7\u00e3o do dia 30 e, a partir disso, decidiremos se vamos parar ou n\u00e3o\u201d, explicou o presidente do [&hellip;]<\/p>\n","protected":false},"author":96,"featured_media":0,"comment_status":"closed","ping_status":"closed","sticky":false,"template":"","format":"standard","meta":{"footnotes":""},"categories":[253],"tags":[],"class_list":["post-75524","post","type-post","status-publish","format-standard","hentry","category-cidade"],"_links":{"self":[{"href":"https:\/\/diarioregionaldigital.com.br\/index.php?rest_route=\/wp\/v2\/posts\/75524","targetHints":{"allow":["GET"]}}],"collection":[{"href":"https:\/\/diarioregionaldigital.com.br\/index.php?rest_route=\/wp\/v2\/posts"}],"about":[{"href":"https:\/\/diarioregionaldigital.com.br\/index.php?rest_route=\/wp\/v2\/types\/post"}],"author":[{"embeddable":true,"href":"https:\/\/diarioregionaldigital.com.br\/index.php?rest_route=\/wp\/v2\/users\/96"}],"replies":[{"embeddable":true,"href":"https:\/\/diarioregionaldigital.com.br\/index.php?rest_route=%2Fwp%2Fv2%2Fcomments&post=75524"}],"version-history":[{"count":0,"href":"https:\/\/diarioregionaldigital.com.br\/index.php?rest_route=\/wp\/v2\/posts\/75524\/revisions"}],"wp:attachment":[{"href":"https:\/\/diarioregionaldigital.com.br\/index.php?rest_route=%2Fwp%2Fv2%2Fmedia&parent=75524"}],"wp:term":[{"taxonomy":"category","embeddable":true,"href":"https:\/\/diarioregionaldigital.com.br\/index.php?rest_route=%2Fwp%2Fv2%2Fcategories&post=75524"},{"taxonomy":"post_tag","embeddable":true,"href":"https:\/\/diarioregionaldigital.com.br\/index.php?rest_route=%2Fwp%2Fv2%2Ftags&post=75524"}],"curies":[{"name":"wp","href":"https:\/\/api.w.org\/{rel}","templated":true}]}}