{"id":75523,"date":"2017-06-16T21:51:28","date_gmt":"2017-06-17T00:51:28","guid":{"rendered":"http:\/\/diarioregionaljf.com.br\/2017\/06\/16\/temer-tera-agenda-sobre-energia-e-meio-ambiente-em-viagem-a-russia-e-a-noruega\/"},"modified":"2017-06-16T21:51:28","modified_gmt":"2017-06-17T00:51:28","slug":"temer-tera-agenda-sobre-energia-e-meio-ambiente-em-viagem-a-russia-e-a-noruega","status":"publish","type":"post","link":"https:\/\/diarioregionaldigital.com.br\/?p=75523","title":{"rendered":"Temer ter\u00e1 agenda sobre energia e meio ambiente em viagem \u00e0 R\u00fassia e \u00e0 Noruega"},"content":{"rendered":"<p>O presidente Michel Temer viaja \u00e0 R\u00fassia e Noruega esta semana para buscar um estreitamento das rela\u00e7\u00f5es do Brasil com os dois pa\u00edses. A agenda inclui reuni\u00f5es com o presidente Vladimir Putin, em Moscou, e com o rei Harald V e a primeira-ministra Erna Solberg, em Oslo, al\u00e9m de encontros com investidores.<\/p>\n<p>&#8220;O presidente Temer reafirmar\u00e1 a mensagem de firme compromisso com a agenda de reformas e de maior e melhor integra\u00e7\u00e3o do pa\u00eds com os fluxos globais de com\u00e9rcio e de investimentos&#8221;, sintetizou o porta-voz da Presid\u00eancia, Alexandre Parola. Temer embarca nesta segunda-feira, 19, e retorna ao Brasil na sexta-feira, 23.<\/p>\n<p>Segundo Parola, na R\u00fassia, a agenda ser\u00e1 voltada \u00e0 capta\u00e7\u00e3o de investimentos na \u00e1rea de energia. Temer tamb\u00e9m dever\u00e1 explorar possibilidades em empreendimentos de ferrovias, portos e outros dom\u00ednios de infraestrutura. Em Moscou, est\u00e1 prevista a assinatura de acordos bilaterais em \u00e1reas como promo\u00e7\u00e3o de com\u00e9rcio e investimentos, interc\u00e2mbio cultural e consultas pol\u00edticas.<\/p>\n<p>Na R\u00fassia, Temer re\u00fane-se tamb\u00e9m com o primeiro-ministro Dmitry Medvedev, com a presidente do Conselho da Federa\u00e7\u00e3o, Valentina Matvienko, e com o presidente da Duma de Estado, Vyacheslav Volodin. O mercado agropecu\u00e1rio tamb\u00e9m dever\u00e1 estar em foco. Em 2016 o Brasil forneceu \u00e0 R\u00fassia 60% de suas importa\u00e7\u00f5es de carnes. A inten\u00e7\u00e3o \u00e9 ampliar o acesso de produtos agropecu\u00e1rios e diversificar as exporta\u00e7\u00f5es.<\/p>\n<h4>NORUEGA<\/h4>\n<p>Na Noruega, o foco ser\u00e1 no meio ambiente. O pa\u00eds j\u00e1 aportou ao Fundo Amaz\u00f4nia, administrado pelo Banco Nacional de Desenvolvimento Econ\u00f4mico e Social (BNDES), R$2,8 bilh\u00f5es, e mant\u00e9m-se como o maior financiador da iniciativa. Atualmente, s\u00e3o 89 projetos em \u00e1reas como combate ao desmatamento, regulariza\u00e7\u00e3o fundi\u00e1ria e gest\u00e3o territorial e ambiental de terras ind\u00edgenas. Al\u00e9m disso, a Noruega \u00e9 tamb\u00e9m o oitavo maior investidor estrangeiro no Brasil, com presen\u00e7a no setor de energia.<\/p>\n<p>Est\u00e3o agendadas reuni\u00f5es com o rei Harald V, com a primeira-ministra Erna Solberg e com o presidente do Parlamento, Olemic Thommessen.<\/p>\n<h4>MERCOSUL<\/h4>\n<p>O Mercosul &#8211; bloco composto por Argentina, Brasil, Paraguai e Uruguai &#8211; tamb\u00e9m ser\u00e1 tema das reuni\u00f5es. O Brasil acaba de concluir a primeira rodada de negocia\u00e7\u00f5es para acordo entre o Mercosul e a Associa\u00e7\u00e3o Europeia de Livre Com\u00e9rcio (Efta), do qual fazem parte, al\u00e9m da Noruega, a Isl\u00e2ndia, o Liechtenstein e a Su\u00ed\u00e7a. Segundo o porta-voz, na viagem, Temer renovar\u00e1 o interesse do Brasil no acordo de livre com\u00e9rcio entre os blocos. Al\u00e9m disso, dever\u00e1 tratar da aproxima\u00e7\u00e3o entre o Mercosul e a Uni\u00e3o Econ\u00f4mica Eurasi\u00e1tica, integrada por R\u00fassia, Arm\u00eania, Belarus, Cazaquist\u00e3o e Quirguist\u00e3o.<\/p>\n<p>Fonte: Ag\u00eancia Brasil<\/p>\n","protected":false},"excerpt":{"rendered":"<p>O presidente Michel Temer viaja \u00e0 R\u00fassia e Noruega esta semana para buscar um estreitamento das rela\u00e7\u00f5es do Brasil com os dois pa\u00edses. A agenda inclui reuni\u00f5es com o presidente Vladimir Putin, em Moscou, e com o rei Harald V e a primeira-ministra Erna Solberg, em Oslo, al\u00e9m de encontros com investidores. &#8220;O presidente Temer [&hellip;]<\/p>\n","protected":false},"author":96,"featured_media":0,"comment_status":"closed","ping_status":"closed","sticky":false,"template":"","format":"standard","meta":{"footnotes":""},"categories":[262],"tags":[],"class_list":["post-75523","post","type-post","status-publish","format-standard","hentry","category-noticias"],"_links":{"self":[{"href":"https:\/\/diarioregionaldigital.com.br\/index.php?rest_route=\/wp\/v2\/posts\/75523","targetHints":{"allow":["GET"]}}],"collection":[{"href":"https:\/\/diarioregionaldigital.com.br\/index.php?rest_route=\/wp\/v2\/posts"}],"about":[{"href":"https:\/\/diarioregionaldigital.com.br\/index.php?rest_route=\/wp\/v2\/types\/post"}],"author":[{"embeddable":true,"href":"https:\/\/diarioregionaldigital.com.br\/index.php?rest_route=\/wp\/v2\/users\/96"}],"replies":[{"embeddable":true,"href":"https:\/\/diarioregionaldigital.com.br\/index.php?rest_route=%2Fwp%2Fv2%2Fcomments&post=75523"}],"version-history":[{"count":0,"href":"https:\/\/diarioregionaldigital.com.br\/index.php?rest_route=\/wp\/v2\/posts\/75523\/revisions"}],"wp:attachment":[{"href":"https:\/\/diarioregionaldigital.com.br\/index.php?rest_route=%2Fwp%2Fv2%2Fmedia&parent=75523"}],"wp:term":[{"taxonomy":"category","embeddable":true,"href":"https:\/\/diarioregionaldigital.com.br\/index.php?rest_route=%2Fwp%2Fv2%2Fcategories&post=75523"},{"taxonomy":"post_tag","embeddable":true,"href":"https:\/\/diarioregionaldigital.com.br\/index.php?rest_route=%2Fwp%2Fv2%2Ftags&post=75523"}],"curies":[{"name":"wp","href":"https:\/\/api.w.org\/{rel}","templated":true}]}}