{"id":75518,"date":"2017-06-16T20:45:19","date_gmt":"2017-06-16T23:45:19","guid":{"rendered":"http:\/\/diarioregionaljf.com.br\/2017\/06\/16\/cadastramento-escolar-2018-termina-na-proxima-sexta-feira\/"},"modified":"2017-06-16T20:45:19","modified_gmt":"2017-06-16T23:45:19","slug":"cadastramento-escolar-2018-termina-na-proxima-sexta-feira","status":"publish","type":"post","link":"https:\/\/diarioregionaldigital.com.br\/?p=75518","title":{"rendered":"\u201cCadastramento Escolar 2018\u201d termina na pr\u00f3xima sexta-feira"},"content":{"rendered":"<p>Termina na sexta-feira, 23, sem possibilidade de prorroga\u00e7\u00e3o, o prazo do \u201cCadastramento Escolar 2018\u201d para as institui\u00e7\u00f5es de ensino das redes p\u00fablicas municipal e estadual. Os pais e respons\u00e1veis pelas crian\u00e7as e adolescentes que ingressar\u00e3o na educa\u00e7\u00e3o infantil e no ensino fundamental no pr\u00f3ximo ano, al\u00e9m de jovens que desejam cursar a Educa\u00e7\u00e3o de Jovens e Adultos (EJA), podem realizar as inscri\u00e7\u00f5es pelo site da Prefeitura de Juiz de Fora (www.pjf.mg.gov.br).<\/p>\n<h5>Documentos necess\u00e1rios (original e c\u00f3pia):<\/h5>\n<p>* Certid\u00e3o de nascimento do aluno;<br \/>* Conta de luz recente;<br \/>* Comprovante de escolaridade para alunos transferidos de escolas particulares ou jovens que desejam retornar aos estudos.<\/p>\n<p>Para o ensino fundamental necessitam de cadastro as crian\u00e7as com seis anos completos ou que completar\u00e3o essa idade at\u00e9 30 de junho de 2018. Estudantes da rede particular de ensino que ir\u00e3o se transferir para escolas p\u00fablicas no ano que vem tamb\u00e9m precisam se inscrever, assim como candidatos \u00e0 EJA.<\/p>\n<p>Em rela\u00e7\u00e3o \u00e0s unidades de educa\u00e7\u00e3o infantil, todas as crian\u00e7as que ingressar\u00e3o nos primeiro e segundo per\u00edodos precisam ser cadastradas. Para o primeiro per\u00edodo, o aluno deve ter quatro anos completos ou completar essa idade at\u00e9 30 de junho de 2018. Para o segundo per\u00edodo \u00e9 preciso que a crian\u00e7a tenha cinco anos completos ou que complete essa idade at\u00e9 a mesma data.<\/p>\n<p>Fonte: Assessoria<\/p>\n","protected":false},"excerpt":{"rendered":"<p>Termina na sexta-feira, 23, sem possibilidade de prorroga\u00e7\u00e3o, o prazo do \u201cCadastramento Escolar 2018\u201d para as institui\u00e7\u00f5es de ensino das redes p\u00fablicas municipal e estadual. Os pais e respons\u00e1veis pelas crian\u00e7as e adolescentes que ingressar\u00e3o na educa\u00e7\u00e3o infantil e no ensino fundamental no pr\u00f3ximo ano, al\u00e9m de jovens que desejam cursar a Educa\u00e7\u00e3o de Jovens [&hellip;]<\/p>\n","protected":false},"author":96,"featured_media":0,"comment_status":"closed","ping_status":"closed","sticky":false,"template":"","format":"standard","meta":{"footnotes":""},"categories":[253],"tags":[],"class_list":["post-75518","post","type-post","status-publish","format-standard","hentry","category-cidade"],"_links":{"self":[{"href":"https:\/\/diarioregionaldigital.com.br\/index.php?rest_route=\/wp\/v2\/posts\/75518","targetHints":{"allow":["GET"]}}],"collection":[{"href":"https:\/\/diarioregionaldigital.com.br\/index.php?rest_route=\/wp\/v2\/posts"}],"about":[{"href":"https:\/\/diarioregionaldigital.com.br\/index.php?rest_route=\/wp\/v2\/types\/post"}],"author":[{"embeddable":true,"href":"https:\/\/diarioregionaldigital.com.br\/index.php?rest_route=\/wp\/v2\/users\/96"}],"replies":[{"embeddable":true,"href":"https:\/\/diarioregionaldigital.com.br\/index.php?rest_route=%2Fwp%2Fv2%2Fcomments&post=75518"}],"version-history":[{"count":0,"href":"https:\/\/diarioregionaldigital.com.br\/index.php?rest_route=\/wp\/v2\/posts\/75518\/revisions"}],"wp:attachment":[{"href":"https:\/\/diarioregionaldigital.com.br\/index.php?rest_route=%2Fwp%2Fv2%2Fmedia&parent=75518"}],"wp:term":[{"taxonomy":"category","embeddable":true,"href":"https:\/\/diarioregionaldigital.com.br\/index.php?rest_route=%2Fwp%2Fv2%2Fcategories&post=75518"},{"taxonomy":"post_tag","embeddable":true,"href":"https:\/\/diarioregionaldigital.com.br\/index.php?rest_route=%2Fwp%2Fv2%2Ftags&post=75518"}],"curies":[{"name":"wp","href":"https:\/\/api.w.org\/{rel}","templated":true}]}}