{"id":75436,"date":"2017-06-14T21:15:27","date_gmt":"2017-06-15T00:15:27","guid":{"rendered":"http:\/\/diarioregionaljf.com.br\/2017\/06\/14\/trio-faz-funcionarios-de-refens-em-assalto-a-loja-em-muriae\/"},"modified":"2017-06-14T21:15:27","modified_gmt":"2017-06-15T00:15:27","slug":"trio-faz-funcionarios-de-refens-em-assalto-a-loja-em-muriae","status":"publish","type":"post","link":"https:\/\/diarioregionaldigital.com.br\/?p=75436","title":{"rendered":"Trio faz funcion\u00e1rios de ref\u00e9ns em assalto a loja em Muria\u00e9"},"content":{"rendered":"<p>A unidade da rede de lojas de eletrodom\u00e9sticos Magazine Luiza que fica no Centro de Muria\u00e9 foi assaltada na noite de ter\u00e7a-feira, 13 de junho, momentos antes de encerrar o expediente. Segundo a Pol\u00edcia Militar, tr\u00eas pessoas, sendo um homem e duas mulheres, entraram no recinto quando os \u00faltimos clientes deixavam o local e anunciaram o assalto. O homem, segundo as v\u00edtimas, estaria armado com um rev\u00f3lver.<\/p>\n<p>De acordo os depoimentos dos funcion\u00e1rios, o trio entrou na loja e o homem, que imediatamente anunciou o assalto, determinou que todos se dirigissem para o setor de estoque e l\u00e1 permanecessem. Eles ficaram trancados na sala enquanto os suspeitos furtaram os smartphones da loja. De acordo com a gerente da empresa, eles deixaram para tr\u00e1s somente alguns aparelhos que estavam separados em virtude de roubos ocorridos em lojas do Magazine Lu\u00edza em outras cidades.<\/p>\n<p>A gerente contou, ainda, que s\u00f3 conseguiu chamar a Pol\u00edcia cerca de vinte minutos depois de os assaltantes terem sa\u00eddo da loja. Testemunhas disseram \u00e0 PM que eles teriam fugido em um carro preto.<\/p>\n<p>O modo utilizado pelos ladr\u00f5es foi id\u00eantico ao assalto \u00e0 loja Ricardo Eletro ocorrido em Cataguases no dia 3 de maio. Naquela ocasi\u00e3o, tamb\u00e9m um trio, por\u00e9m formado apenas por homens, assaltou a loja e levou somente smartphones. O bando tamb\u00e9m prendeu os funcion\u00e1rios na sala de estoque enquanto cometia o crime e estava armado. Ao sa\u00edrem, os bandidos deixaram os funcion\u00e1rios trancados e n\u00e3o deixaram pistas.<\/p>\n<p>Colabora\u00e7\u00e3o: Marcelo Lopes<\/p>\n","protected":false},"excerpt":{"rendered":"<p>A unidade da rede de lojas de eletrodom\u00e9sticos Magazine Luiza que fica no Centro de Muria\u00e9 foi assaltada na noite de ter\u00e7a-feira, 13 de junho, momentos antes de encerrar o expediente. Segundo a Pol\u00edcia Militar, tr\u00eas pessoas, sendo um homem e duas mulheres, entraram no recinto quando os \u00faltimos clientes deixavam o local e anunciaram [&hellip;]<\/p>\n","protected":false},"author":96,"featured_media":0,"comment_status":"closed","ping_status":"closed","sticky":false,"template":"","format":"standard","meta":{"footnotes":""},"categories":[252],"tags":[],"class_list":["post-75436","post","type-post","status-publish","format-standard","hentry","category-regiao"],"_links":{"self":[{"href":"https:\/\/diarioregionaldigital.com.br\/index.php?rest_route=\/wp\/v2\/posts\/75436","targetHints":{"allow":["GET"]}}],"collection":[{"href":"https:\/\/diarioregionaldigital.com.br\/index.php?rest_route=\/wp\/v2\/posts"}],"about":[{"href":"https:\/\/diarioregionaldigital.com.br\/index.php?rest_route=\/wp\/v2\/types\/post"}],"author":[{"embeddable":true,"href":"https:\/\/diarioregionaldigital.com.br\/index.php?rest_route=\/wp\/v2\/users\/96"}],"replies":[{"embeddable":true,"href":"https:\/\/diarioregionaldigital.com.br\/index.php?rest_route=%2Fwp%2Fv2%2Fcomments&post=75436"}],"version-history":[{"count":0,"href":"https:\/\/diarioregionaldigital.com.br\/index.php?rest_route=\/wp\/v2\/posts\/75436\/revisions"}],"wp:attachment":[{"href":"https:\/\/diarioregionaldigital.com.br\/index.php?rest_route=%2Fwp%2Fv2%2Fmedia&parent=75436"}],"wp:term":[{"taxonomy":"category","embeddable":true,"href":"https:\/\/diarioregionaldigital.com.br\/index.php?rest_route=%2Fwp%2Fv2%2Fcategories&post=75436"},{"taxonomy":"post_tag","embeddable":true,"href":"https:\/\/diarioregionaldigital.com.br\/index.php?rest_route=%2Fwp%2Fv2%2Ftags&post=75436"}],"curies":[{"name":"wp","href":"https:\/\/api.w.org\/{rel}","templated":true}]}}