{"id":75413,"date":"2017-06-14T19:04:37","date_gmt":"2017-06-14T22:04:37","guid":{"rendered":"http:\/\/diarioregionaljf.com.br\/2017\/06\/14\/prf-reforca-fiscalizacao-nas-estradas-no-feriado-de-corpus-christi\/"},"modified":"2017-06-14T19:04:37","modified_gmt":"2017-06-14T22:04:37","slug":"prf-reforca-fiscalizacao-nas-estradas-no-feriado-de-corpus-christi","status":"publish","type":"post","link":"https:\/\/diarioregionaldigital.com.br\/?p=75413","title":{"rendered":"PRF refor\u00e7a fiscaliza\u00e7\u00e3o nas estradas no feriado de Corpus Christi"},"content":{"rendered":"<p>A Pol\u00edcia Rodovi\u00e1ria Federal (PRF) inicia nessa quarta-feira, 14, a Opera\u00e7\u00e3o Corpus Christi. A a\u00e7\u00e3o termina no pr\u00f3ximo domingo, 18, e visa refor\u00e7ar o policiamento em locais e hor\u00e1rios de maior incid\u00eancia de acidentes e infra\u00e7\u00f5es de tr\u00e2nsito.<\/p>\n<p>Durante a opera\u00e7\u00e3o, os policiais usaram radares e submeter\u00e3o motoristas ao teste do baf\u00f4metro para prevenir acidentes relacionados ao excesso de velocidade e embriaguez. E tamb\u00e9m ser\u00e1 intensificada a fiscaliza\u00e7\u00e3o em alguns trechos das rodovias para coibir ultrapassagens for\u00e7adas e em locais n\u00e3o permitidos.<\/p>\n<p>Os motociclistas e motoristas, que viajar\u00e3o com crian\u00e7as, dever\u00e3o ficar atentos. A PRF tamb\u00e9m vai refor\u00e7ar a fiscaliza\u00e7\u00e3o do uso de equipamentos obrigat\u00f3rios, como capacete e de cinto de seguran\u00e7a ou cadeiras de transporte seguro de crian\u00e7as.<\/p>\n","protected":false},"excerpt":{"rendered":"<p>A Pol\u00edcia Rodovi\u00e1ria Federal (PRF) inicia nessa quarta-feira, 14, a Opera\u00e7\u00e3o Corpus Christi. A a\u00e7\u00e3o termina no pr\u00f3ximo domingo, 18, e visa refor\u00e7ar o policiamento em locais e hor\u00e1rios de maior incid\u00eancia de acidentes e infra\u00e7\u00f5es de tr\u00e2nsito. Durante a opera\u00e7\u00e3o, os policiais usaram radares e submeter\u00e3o motoristas ao teste do baf\u00f4metro para prevenir acidentes [&hellip;]<\/p>\n","protected":false},"author":96,"featured_media":75412,"comment_status":"closed","ping_status":"closed","sticky":false,"template":"","format":"standard","meta":{"footnotes":""},"categories":[252],"tags":[],"class_list":["post-75413","post","type-post","status-publish","format-standard","has-post-thumbnail","hentry","category-regiao"],"_links":{"self":[{"href":"https:\/\/diarioregionaldigital.com.br\/index.php?rest_route=\/wp\/v2\/posts\/75413","targetHints":{"allow":["GET"]}}],"collection":[{"href":"https:\/\/diarioregionaldigital.com.br\/index.php?rest_route=\/wp\/v2\/posts"}],"about":[{"href":"https:\/\/diarioregionaldigital.com.br\/index.php?rest_route=\/wp\/v2\/types\/post"}],"author":[{"embeddable":true,"href":"https:\/\/diarioregionaldigital.com.br\/index.php?rest_route=\/wp\/v2\/users\/96"}],"replies":[{"embeddable":true,"href":"https:\/\/diarioregionaldigital.com.br\/index.php?rest_route=%2Fwp%2Fv2%2Fcomments&post=75413"}],"version-history":[{"count":0,"href":"https:\/\/diarioregionaldigital.com.br\/index.php?rest_route=\/wp\/v2\/posts\/75413\/revisions"}],"wp:featuredmedia":[{"embeddable":true,"href":"https:\/\/diarioregionaldigital.com.br\/index.php?rest_route=\/wp\/v2\/media\/75412"}],"wp:attachment":[{"href":"https:\/\/diarioregionaldigital.com.br\/index.php?rest_route=%2Fwp%2Fv2%2Fmedia&parent=75413"}],"wp:term":[{"taxonomy":"category","embeddable":true,"href":"https:\/\/diarioregionaldigital.com.br\/index.php?rest_route=%2Fwp%2Fv2%2Fcategories&post=75413"},{"taxonomy":"post_tag","embeddable":true,"href":"https:\/\/diarioregionaldigital.com.br\/index.php?rest_route=%2Fwp%2Fv2%2Ftags&post=75413"}],"curies":[{"name":"wp","href":"https:\/\/api.w.org\/{rel}","templated":true}]}}