{"id":75411,"date":"2017-06-14T18:26:34","date_gmt":"2017-06-14T21:26:34","guid":{"rendered":"http:\/\/diarioregionaljf.com.br\/2017\/06\/14\/veiculos-de-grande-porte-terao-trafego-restrito-no-feriado-de-corpus-christi\/"},"modified":"2017-06-14T18:26:34","modified_gmt":"2017-06-14T21:26:34","slug":"veiculos-de-grande-porte-terao-trafego-restrito-no-feriado-de-corpus-christi","status":"publish","type":"post","link":"https:\/\/diarioregionaldigital.com.br\/?p=75411","title":{"rendered":"Ve\u00edculos de grande porte ter\u00e3o tr\u00e1fego restrito no feriado de Corpus Christi"},"content":{"rendered":"<p>O Departamento de Edifica\u00e7\u00f5es e Estradas de Rodagem de Minas Gerais (DEER\/MG) vai restringir o tr\u00e1fego de ve\u00edculos de grande porte em rodovias de pista simples, em dias e hor\u00e1rios espec\u00edficos do feriado de Corpus Christi. A medida, prevista na portaria n\u00ba 3570\/16, de dezembro de 2016, tem o objetivo de oferecer mais seguran\u00e7a aos usu\u00e1rios das vias, considerando o aumento de tr\u00e1fego.<\/p>\n<p>Na quinta-feira, 15, entre 6h e 12h, e no domingo, 18, das 16h \u00e0s 23h59, estar\u00e3o proibidos de circular ve\u00edculos de carga tipo bitrens, treminh\u00f5es e rodotrens (com mais de duas unidades, sendo uma tratora e as demais tracionadas e comprimento entre 19,80 e 30 metros); cegonheiras (com duas unidades e m\u00e9dia de 22,40 metros de comprimento); cargas indivis\u00edveis (que excedam as medidas regulamentadas) e, ainda, ve\u00edculos com at\u00e9 duas unidades, acima de 2,60 metros de largura ou mais de 4,40 metros de altura ou acima de 18,60 metros de comprimento, portando ou n\u00e3o Autoriza\u00e7\u00e3o Especial de Tr\u00e2nsito (AET).<\/p>\n<p>Os motoristas que n\u00e3o respeitarem as restri\u00e7\u00f5es estar\u00e3o sujeitos \u00e0s penalidades previstas no C\u00f3digo de Tr\u00e2nsito Brasileiro (art. 187-I, da Lei Federal n\u00ba 9.503, de 1997), o que significar\u00e1 a perda de quatro pontos na carteira, multa de R 130,16 e reten\u00e7\u00e3o do ve\u00edculo at\u00e9 o t\u00e9rmino do hor\u00e1rio limite.<\/p>\n<p>Fonte: Ag\u00eancia Minas<\/p>\n","protected":false},"excerpt":{"rendered":"<p>O Departamento de Edifica\u00e7\u00f5es e Estradas de Rodagem de Minas Gerais (DEER\/MG) vai restringir o tr\u00e1fego de ve\u00edculos de grande porte em rodovias de pista simples, em dias e hor\u00e1rios espec\u00edficos do feriado de Corpus Christi. A medida, prevista na portaria n\u00ba 3570\/16, de dezembro de 2016, tem o objetivo de oferecer mais seguran\u00e7a aos [&hellip;]<\/p>\n","protected":false},"author":96,"featured_media":75410,"comment_status":"closed","ping_status":"closed","sticky":false,"template":"","format":"standard","meta":{"footnotes":""},"categories":[252],"tags":[],"class_list":["post-75411","post","type-post","status-publish","format-standard","has-post-thumbnail","hentry","category-regiao"],"_links":{"self":[{"href":"https:\/\/diarioregionaldigital.com.br\/index.php?rest_route=\/wp\/v2\/posts\/75411","targetHints":{"allow":["GET"]}}],"collection":[{"href":"https:\/\/diarioregionaldigital.com.br\/index.php?rest_route=\/wp\/v2\/posts"}],"about":[{"href":"https:\/\/diarioregionaldigital.com.br\/index.php?rest_route=\/wp\/v2\/types\/post"}],"author":[{"embeddable":true,"href":"https:\/\/diarioregionaldigital.com.br\/index.php?rest_route=\/wp\/v2\/users\/96"}],"replies":[{"embeddable":true,"href":"https:\/\/diarioregionaldigital.com.br\/index.php?rest_route=%2Fwp%2Fv2%2Fcomments&post=75411"}],"version-history":[{"count":0,"href":"https:\/\/diarioregionaldigital.com.br\/index.php?rest_route=\/wp\/v2\/posts\/75411\/revisions"}],"wp:featuredmedia":[{"embeddable":true,"href":"https:\/\/diarioregionaldigital.com.br\/index.php?rest_route=\/wp\/v2\/media\/75410"}],"wp:attachment":[{"href":"https:\/\/diarioregionaldigital.com.br\/index.php?rest_route=%2Fwp%2Fv2%2Fmedia&parent=75411"}],"wp:term":[{"taxonomy":"category","embeddable":true,"href":"https:\/\/diarioregionaldigital.com.br\/index.php?rest_route=%2Fwp%2Fv2%2Fcategories&post=75411"},{"taxonomy":"post_tag","embeddable":true,"href":"https:\/\/diarioregionaldigital.com.br\/index.php?rest_route=%2Fwp%2Fv2%2Ftags&post=75411"}],"curies":[{"name":"wp","href":"https:\/\/api.w.org\/{rel}","templated":true}]}}