{"id":75409,"date":"2017-06-14T18:12:34","date_gmt":"2017-06-14T21:12:34","guid":{"rendered":"http:\/\/diarioregionaljf.com.br\/2017\/06\/14\/maria-fumaca-entre-sao-joao-del-rei-e-tiradentes-tera-horarios-especiais-durante-o-mes-de-junho\/"},"modified":"2017-06-14T18:12:34","modified_gmt":"2017-06-14T21:12:34","slug":"maria-fumaca-entre-sao-joao-del-rei-e-tiradentes-tera-horarios-especiais-durante-o-mes-de-junho","status":"publish","type":"post","link":"https:\/\/diarioregionaldigital.com.br\/?p=75409","title":{"rendered":"Maria Fuma\u00e7a entre S\u00e3o Jo\u00e3o Del-Rei e Tiradentes ter\u00e1 hor\u00e1rios especiais durante o m\u00eas de junho"},"content":{"rendered":"<p>Entre os dias 15 e 18 de junho e 23 a 25 de junho, a Maria Fuma\u00e7a ganhar\u00e1 novos hor\u00e1rios. As sa\u00eddas extras t\u00eam como objetivo atender a maior demanda de turistas que transitam entre as duas cidades hist\u00f3ricas, devido ao feriado de Corpus Christi e ao Bike Fest, evento realizado anualmente em Tiradentes. O trem proporciona um passeio imperd\u00edvel para quem deseja aproveitar o passeio e viajar pela hist\u00f3ria e cultura de Minas Gerais.<\/p>\n<p>A Maria Fuma\u00e7a que faz o trajeto entre as cidades do Campo das Vertentes \u00e9 uma das poucas locomotivas a vapor no mundo que ainda rodam em bitola de 76 cm. No passeio de 12 km, a composi\u00e7\u00e3o, com capacidade para transportar at\u00e9 280 passageiros, passa pela antiga Estrada de Ferro Oeste de Minas (EFOM). Cada percurso dura cerca de 50 minutos.<\/p>\n<p>A rota foi inaugurada em 1881 por D. Pedro II, cruzando rios, montanhas e esta\u00e7\u00f5es que preservam a arquitetura do s\u00e9culo XIX. No trajeto \u00e9 poss\u00edvel avistar belas paisagens, como o Rio das Mortes e a Serra de S\u00e3o Jos\u00e9, \u00e1rea de preserva\u00e7\u00e3o ambiental tamb\u00e9m conhecida como Serra de Tiradentes.<\/p>\n<p>A esta\u00e7\u00e3o de S\u00e3o Jo\u00e3o Del-Rei \u00e9 uma atra\u00e7\u00e3o \u00e0 parte. No pr\u00e9dio, tamb\u00e9m constru\u00eddo no s\u00e9culo XIX, funciona o Museu Ferrovi\u00e1rio inaugurado em 1981, ano do centen\u00e1rio da Estrada de Ferro Oeste de Minas. O acervo re\u00fane objetos que contam a hist\u00f3ria da ferrovia no Brasil e na regi\u00e3o, como a EFOM n\u00ba 1, a primeira locomotiva da ferrovia. Pela riqueza de materiais, o Complexo Ferrovi\u00e1rio da Estrada de Ferro Oeste de Minas \u00e9 um dos maiores do Brasil.<\/p>\n<p>Um dos principais atrativos da regi\u00e3o, a locomotiva a vapor roda normalmente nas sextas-feiras, s\u00e1bados e domingos. Desde 2001, a Ferrovia Centro Atl\u00e2ntica (FCA), administrada pela VLI, \u00e9 respons\u00e1vel pela manuten\u00e7\u00e3o e opera\u00e7\u00e3o das esta\u00e7\u00f5es de S\u00e3o Jo\u00e3o Del-Rei e Tiradentes. Somente no ano passado, mais de 135 mil pessoas visitaram a estrutura hist\u00f3rica.<\/p>\n<h4>Quadro de hor\u00e1rios<\/h4>\n<p>Durante o feriado, a locomotiva a vapor partir\u00e1 de S\u00e3o Jo\u00e3o Del-Rei e Tiradentes nos seguintes hor\u00e1rios:<\/p>\n<h5>Corpus Christi<\/h5>\n<p>Quinta \u2013 15\/06<\/p>\n<p>S\u00e3o Jo\u00e3o Del-Rei: 10h e 13h<\/p>\n<p>Tiradentes: 11h e 14h<\/p>\n<p>Sexta \u2013 16\/06<\/p>\n<p>S\u00e3o Jo\u00e3o Del-Rei: 10h, 13h e 15h30<\/p>\n<p>Tiradentes: 11h, 14h, e 17h<\/p>\n<p>S\u00e1bado \u2013 17\/06<\/p>\n<p>S\u00e3o Jo\u00e3o Del-Rei: 10h, 12h, 14h e 16h<\/p>\n<p>Tiradentes: 11h, 13h, e 15h e 17h<\/p>\n<p>Domingo \u2013 18\/06<\/p>\n<p>S\u00e3o Jo\u00e3o Del-Rei: 10h e 13h<br \/>Tiradentes: 11h e 14h<\/p>\n<h5>Bike Fest 2017<\/h5>\n<p>Sexta \u2013 23\/06<\/p>\n<p>S\u00e3o Jo\u00e3o Del-Rei: 10h, 13h e 15h30<\/p>\n<p>Tiradentes: 11h, 14h, e 17h<\/p>\n<p>S\u00e1bado \u2013 24\/06<\/p>\n<p>S\u00e3o Jo\u00e3o Del-Rei: 10h, 12h, 14h e 16h<\/p>\n<p>Tiradentes: 11h, 13h, e 15h e 17h<\/p>\n<p>Domingo \u2013 25\/06<\/p>\n<p>S\u00e3o Jo\u00e3o Del-Rei: 10h e 13h<br \/>Tiradentes: 11h e 14h<\/p>\n<p>As tarifas do passeio custam R$50 somente ida e R$60 para ida e volta. Estudantes, crian\u00e7as de 6 a 12 anos e adultos com mais 60 anos t\u00eam direito \u00e0 meia-entrada. Mais informa\u00e7\u00f5es sobre a Maria Fuma\u00e7a em S\u00e3o Jo\u00e3o Del-Rei\/Tiradentes ligue (32) 3371- 8485&nbsp; ou acesse <a href=\"http:\/\/www.vli-logistica.com\/trem-turistico\">http:\/\/www.vli-logistica.com\/trem-turistico<\/a>. <\/p>\n","protected":false},"excerpt":{"rendered":"<p>Entre os dias 15 e 18 de junho e 23 a 25 de junho, a Maria Fuma\u00e7a ganhar\u00e1 novos hor\u00e1rios. As sa\u00eddas extras t\u00eam como objetivo atender a maior demanda de turistas que transitam entre as duas cidades hist\u00f3ricas, devido ao feriado de Corpus Christi e ao Bike Fest, evento realizado anualmente em Tiradentes. O [&hellip;]<\/p>\n","protected":false},"author":96,"featured_media":75408,"comment_status":"closed","ping_status":"closed","sticky":false,"template":"","format":"standard","meta":{"footnotes":""},"categories":[256],"tags":[],"class_list":["post-75409","post","type-post","status-publish","format-standard","has-post-thumbnail","hentry","category-cultura"],"_links":{"self":[{"href":"https:\/\/diarioregionaldigital.com.br\/index.php?rest_route=\/wp\/v2\/posts\/75409","targetHints":{"allow":["GET"]}}],"collection":[{"href":"https:\/\/diarioregionaldigital.com.br\/index.php?rest_route=\/wp\/v2\/posts"}],"about":[{"href":"https:\/\/diarioregionaldigital.com.br\/index.php?rest_route=\/wp\/v2\/types\/post"}],"author":[{"embeddable":true,"href":"https:\/\/diarioregionaldigital.com.br\/index.php?rest_route=\/wp\/v2\/users\/96"}],"replies":[{"embeddable":true,"href":"https:\/\/diarioregionaldigital.com.br\/index.php?rest_route=%2Fwp%2Fv2%2Fcomments&post=75409"}],"version-history":[{"count":0,"href":"https:\/\/diarioregionaldigital.com.br\/index.php?rest_route=\/wp\/v2\/posts\/75409\/revisions"}],"wp:featuredmedia":[{"embeddable":true,"href":"https:\/\/diarioregionaldigital.com.br\/index.php?rest_route=\/wp\/v2\/media\/75408"}],"wp:attachment":[{"href":"https:\/\/diarioregionaldigital.com.br\/index.php?rest_route=%2Fwp%2Fv2%2Fmedia&parent=75409"}],"wp:term":[{"taxonomy":"category","embeddable":true,"href":"https:\/\/diarioregionaldigital.com.br\/index.php?rest_route=%2Fwp%2Fv2%2Fcategories&post=75409"},{"taxonomy":"post_tag","embeddable":true,"href":"https:\/\/diarioregionaldigital.com.br\/index.php?rest_route=%2Fwp%2Fv2%2Ftags&post=75409"}],"curies":[{"name":"wp","href":"https:\/\/api.w.org\/{rel}","templated":true}]}}