{"id":75398,"date":"2017-06-13T00:34:33","date_gmt":"2017-06-13T03:34:33","guid":{"rendered":"http:\/\/diarioregionaljf.com.br\/2017\/06\/13\/delegacia-especializada-contabiliza-quase-900-casos-de-violencia-contra-idosos-em-jf\/"},"modified":"2017-06-13T00:34:33","modified_gmt":"2017-06-13T03:34:33","slug":"delegacia-especializada-contabiliza-quase-900-casos-de-violencia-contra-idosos-em-jf","status":"publish","type":"post","link":"https:\/\/diarioregionaldigital.com.br\/?p=75398","title":{"rendered":"Delegacia especializada contabiliza quase 900 casos de viol\u00eancia contra idosos em JF"},"content":{"rendered":"<p>O Dia Mundial de Conscientiza\u00e7\u00e3o da Viol\u00eancia contra a Pessoa Idosa ser\u00e1 celebrado nesta quinta-feira, 15, e o munic\u00edpio de Juiz de Fora obteve avan\u00e7os expressivos e recentes com pol\u00edticas assistenciais para essa popula\u00e7\u00e3o. Em julho deste ano, o N\u00facleo de Atendimento ao Idoso da Pol\u00edcia Civil completar\u00e1 um ano de funcionamento na cidade. At\u00e9 o momento, a delegacia especializada j\u00e1 recebeu 881 den\u00fancias de viol\u00eancia verbal e psicol\u00f3gica contra pessoas da terceira idade.<\/p>\n<p>O delegado da Especializada, S\u00e9rgio Lu\u00eds Lamas Moreira, explica que 90% das den\u00fancias est\u00e3o relacionadas \u00e0s quest\u00f5es mal resolvidas dentro do universo familiar. \u201cOs casos mais frequentes que recebemos s\u00e3o os de maus-tratos envolvendo, na maioria das vezes, pessoas da pr\u00f3pria fam\u00edlia. Outra situa\u00e7\u00e3o muito comum s\u00e3o as queixas de abuso patrimonial. Nesses casos, as v\u00edtimas ficam ref\u00e9ns de pessoas da fam\u00edlia que se apropriam, por exemplo, da aposentadoria do idoso\u201d, avalia.<\/p>\n<p>Em janeiro deste ano, a delegacia deu in\u00edcio aos trabalhos do setor de media\u00e7\u00e3o e concilia\u00e7\u00e3o. \u201cDo total de atendimentos, 220 foram media\u00e7\u00f5es. Em muitos casos, o conflito familiar pode ser resolvido com uma simples conversa. Ent\u00e3o, ao promover esse di\u00e1logo, as partes envolvidas costumam chegar a um acordo sem necessidade de ajuizar uma a\u00e7\u00e3o no f\u00f3rum. \u00c9 um processo mais r\u00e1pido e alivia o judici\u00e1rio\u201d, explica Moreira, ressaltando que pr\u00e1ticas criminosas como inj\u00faria, difama\u00e7\u00e3o, agress\u00e3o f\u00edsica, entre outras s\u00e3o tratadas pelas delegacias distritais.<\/p>\n<p>As den\u00fancias direcionadas ao \u00f3rg\u00e3o s\u00e3o recebidas por meio do Minist\u00e9rio P\u00fablico, Centro de Refer\u00eancia de Assist\u00eancia Social (CRAS) e disque 100 e 181. \u201cTamb\u00e9m \u00e9 comum o pr\u00f3prio idoso se deslocar at\u00e9 aqui. Entretanto, muitas das demandas que recebemos n\u00e3o est\u00e3o dentro da nossa \u00e1rea de atua\u00e7\u00e3o. Caso n\u00e3o seja algo que possamos solucionar, fazemos o encaminhamento do caso ou orientamos como a pessoa deve proceder para o registro da ocorr\u00eancia\u201d, finaliza o delegado.<\/p>\n<h4>DEBATER \u00c9 PRECISO<\/h4>\n<p>Al\u00e9m de um departamento especializado para o tratamento de situa\u00e7\u00f5es espec\u00edficas, pol\u00edticas de promo\u00e7\u00e3o assistencial s\u00e3o fundamentais para gerar conscientiza\u00e7\u00e3o dos direitos da popula\u00e7\u00e3o idosa. Nesse aspecto Juiz de Fora conta com trabalhos promovidos por meio do Conselho Municipal dos Direitos do Idoso (CMDI), da Comiss\u00e3o Permanente de Defesa dos Direitos dos Idosos da C\u00e2mara Municipal e da Coordenadoria Municipal de Pol\u00edticas dos Direitos da Pessoa Idosa. Esta \u00faltima, criada no dia 9 de maio deste ano, tem por finalidade estabelecer parcerias com organiza\u00e7\u00f5es n\u00e3o governamentais, conselhos de direitos, institui\u00e7\u00f5es de ensino e empresas privadas, a fim de elaborar diagn\u00f3sticos da realidade da popula\u00e7\u00e3o idosa e promover a\u00e7\u00f5es necess\u00e1rias para a elabora\u00e7\u00e3o de planos de a\u00e7\u00e3o.<\/p>\n","protected":false},"excerpt":{"rendered":"<p>O Dia Mundial de Conscientiza\u00e7\u00e3o da Viol\u00eancia contra a Pessoa Idosa ser\u00e1 celebrado nesta quinta-feira, 15, e o munic\u00edpio de Juiz de Fora obteve avan\u00e7os expressivos e recentes com pol\u00edticas assistenciais para essa popula\u00e7\u00e3o. Em julho deste ano, o N\u00facleo de Atendimento ao Idoso da Pol\u00edcia Civil completar\u00e1 um ano de funcionamento na cidade. At\u00e9 [&hellip;]<\/p>\n","protected":false},"author":96,"featured_media":75397,"comment_status":"closed","ping_status":"closed","sticky":false,"template":"","format":"standard","meta":{"footnotes":""},"categories":[253],"tags":[],"class_list":["post-75398","post","type-post","status-publish","format-standard","has-post-thumbnail","hentry","category-cidade"],"_links":{"self":[{"href":"https:\/\/diarioregionaldigital.com.br\/index.php?rest_route=\/wp\/v2\/posts\/75398","targetHints":{"allow":["GET"]}}],"collection":[{"href":"https:\/\/diarioregionaldigital.com.br\/index.php?rest_route=\/wp\/v2\/posts"}],"about":[{"href":"https:\/\/diarioregionaldigital.com.br\/index.php?rest_route=\/wp\/v2\/types\/post"}],"author":[{"embeddable":true,"href":"https:\/\/diarioregionaldigital.com.br\/index.php?rest_route=\/wp\/v2\/users\/96"}],"replies":[{"embeddable":true,"href":"https:\/\/diarioregionaldigital.com.br\/index.php?rest_route=%2Fwp%2Fv2%2Fcomments&post=75398"}],"version-history":[{"count":0,"href":"https:\/\/diarioregionaldigital.com.br\/index.php?rest_route=\/wp\/v2\/posts\/75398\/revisions"}],"wp:featuredmedia":[{"embeddable":true,"href":"https:\/\/diarioregionaldigital.com.br\/index.php?rest_route=\/wp\/v2\/media\/75397"}],"wp:attachment":[{"href":"https:\/\/diarioregionaldigital.com.br\/index.php?rest_route=%2Fwp%2Fv2%2Fmedia&parent=75398"}],"wp:term":[{"taxonomy":"category","embeddable":true,"href":"https:\/\/diarioregionaldigital.com.br\/index.php?rest_route=%2Fwp%2Fv2%2Fcategories&post=75398"},{"taxonomy":"post_tag","embeddable":true,"href":"https:\/\/diarioregionaldigital.com.br\/index.php?rest_route=%2Fwp%2Fv2%2Ftags&post=75398"}],"curies":[{"name":"wp","href":"https:\/\/api.w.org\/{rel}","templated":true}]}}