{"id":75395,"date":"2017-06-13T00:24:03","date_gmt":"2017-06-13T03:24:03","guid":{"rendered":"http:\/\/diarioregionaljf.com.br\/2017\/06\/13\/apenas-em-2017-mais-de-155-mil-pessoas-morreram-por-causa-de-doencas-cardiovasculares\/"},"modified":"2017-06-13T00:24:03","modified_gmt":"2017-06-13T03:24:03","slug":"apenas-em-2017-mais-de-155-mil-pessoas-morreram-por-causa-de-doencas-cardiovasculares","status":"publish","type":"post","link":"https:\/\/diarioregionaldigital.com.br\/?p=75395","title":{"rendered":"Apenas em 2017 mais de 155 mil pessoas morreram por causa de doen\u00e7as cardiovasculares"},"content":{"rendered":"<p>Arritmias, insufici\u00eancia card\u00edaca, endocardite, miocardite s\u00e3o algumas das dez doen\u00e7as do cora\u00e7\u00e3o existentes. At\u00e9 o fechamento desta edi\u00e7\u00e3o, o cardi\u00f4metro, criado pela Sociedade Brasileira de Cardiologia (SBC), j\u00e1 contabilizava pouco mais de 155 mil mortes por doen\u00e7as cardiovasculares no Brasil. S\u00f3 em 2016, estima-se mais de 349.938 mortes. Ainda segundo dados da SBC, as doen\u00e7as cardiovasculares causam o dobro de mortes que aquelas ocasionadas por todos os tipos de c\u00e2ncer juntos, duas vezes mais que todas as causas externas (acidentes e viol\u00eancia), tr\u00eas vezes mais que as doen\u00e7as respirat\u00f3rias e seis vezes mais que todas as infec\u00e7\u00f5es, incluindo a AIDS.<\/p>\n<p>Entre os fatores de risco para as doen\u00e7as cardiovasculares est\u00e3o hipertens\u00e3o, colesterol elevado, diabetes, \u00e1lcool, tabagismo, sedentarismo, obesidade e estresse. \u201cNo futuro, o aparecimento, ou n\u00e3o, dessas doen\u00e7as depender\u00e1 do estilo de vida que essa pessoa leva. Portanto, \u00e9 importante praticar atividades f\u00edsicas pelo menos tr\u00eas vezes por semana e tentar evitar alimentos industrializados que possuem grandes quantidades de sal\u201d, explica Celso Amodeo, m\u00e9dico cardiologista e membro da SBC.<\/p>\n<p>Amoedo enfatiza que a doen\u00e7a cardiovascular \u00e9 a primeira causa de morte n\u00e3o s\u00f3 no Brasil, mas no mundo. \u201cEsse levantamento foi feito pela Organiza\u00e7\u00e3o Mundial de Sa\u00fade (OMS), e a expectativa, segundo este \u00f3rg\u00e3o, \u00e9 que este dado permane\u00e7a inalterado at\u00e9 2020. O primeiro passo para reverter esse quadro, al\u00e9m de fazer atividade f\u00edsica, \u00e9 a reeduca\u00e7\u00e3o alimentar. N\u00e3o se trata de dieta, mas de adotar uma postura para a vida toda. Atualmente, 36% do sal que consumimos est\u00e1 nos produtos industrializados, e a base desses alimentos s\u00e3o os p\u00e3es, queijos e enlatados. A prefer\u00eancia deve ser pelos alimentos preparados na hora\u201d, avalia.<\/p>\n<h4>TABAGISMO, O MAIOR INIMIGO<\/h4>\n<p>A OMS estima que at\u00e9 2030 as doen\u00e7as cr\u00f4nicas n\u00e3o transmiss\u00edveis podem ser respons\u00e1veis por mais de 75% das mortes no mundo e que o tabagismo \u00e9 o \u00fanico fator de risco em comum para quatro doen\u00e7as desse grupo: cardiovasculares, respirat\u00f3ria, c\u00e2ncer e diabetes. A nicotina \u00e9 uma droga poderosa que atua no sistema nervoso central e contribui diretamente para a morte de 6 milh\u00f5es de pessoas por ano. Desse universo, pelo menos 600 mil s\u00e3o fumantes passivos, ou seja, convivem com fumantes.<\/p>\n<p>Celso Amodeo destaca que na popula\u00e7\u00e3o adulta brasileira houve avan\u00e7os no controle do tabagismo com diversas pol\u00edticas de conscientiza\u00e7\u00e3o. \u201cEntretanto, para os jovens, o problema ainda \u00e9 um desafio. \u00c9 um fato preocupante, pois hoje em dia n\u00e3o \u00e9 incomum a ocorr\u00eancia de jovens que sofrem infarto do mioc\u00e1rdio\u201d.<\/p>\n<h4>OUTRO EXPRESIVO VIL\u00c3O<\/h4>\n<p>Na \u00faltima d\u00e9cada, a preval\u00eancia do diabetes cresceu 61,8%, dobrando de percentual em pessoas a partir dos 45 anos de idade, tanto em homens quanto mulheres. O levantamento \u00e9 da Vigil\u00e2ncia de Fatores de Risco e Prote\u00e7\u00e3o para Doen\u00e7as Cr\u00f4nicas por Inqu\u00e9rito Telef\u00f4nico (Vigitel), do Minist\u00e9rio da Sa\u00fade.<\/p>\n<p>De acordo com a SBC, a doen\u00e7a pode se manifestar em qualquer idade, mas \u00e9 mais comum ser diagnosticada em crian\u00e7as, adolescentes ou adultos jovens.<\/p>\n","protected":false},"excerpt":{"rendered":"<p>Arritmias, insufici\u00eancia card\u00edaca, endocardite, miocardite s\u00e3o algumas das dez doen\u00e7as do cora\u00e7\u00e3o existentes. At\u00e9 o fechamento desta edi\u00e7\u00e3o, o cardi\u00f4metro, criado pela Sociedade Brasileira de Cardiologia (SBC), j\u00e1 contabilizava pouco mais de 155 mil mortes por doen\u00e7as cardiovasculares no Brasil. S\u00f3 em 2016, estima-se mais de 349.938 mortes. Ainda segundo dados da SBC, as doen\u00e7as [&hellip;]<\/p>\n","protected":false},"author":96,"featured_media":75394,"comment_status":"closed","ping_status":"closed","sticky":false,"template":"","format":"standard","meta":{"footnotes":""},"categories":[253],"tags":[],"class_list":["post-75395","post","type-post","status-publish","format-standard","has-post-thumbnail","hentry","category-cidade"],"_links":{"self":[{"href":"https:\/\/diarioregionaldigital.com.br\/index.php?rest_route=\/wp\/v2\/posts\/75395","targetHints":{"allow":["GET"]}}],"collection":[{"href":"https:\/\/diarioregionaldigital.com.br\/index.php?rest_route=\/wp\/v2\/posts"}],"about":[{"href":"https:\/\/diarioregionaldigital.com.br\/index.php?rest_route=\/wp\/v2\/types\/post"}],"author":[{"embeddable":true,"href":"https:\/\/diarioregionaldigital.com.br\/index.php?rest_route=\/wp\/v2\/users\/96"}],"replies":[{"embeddable":true,"href":"https:\/\/diarioregionaldigital.com.br\/index.php?rest_route=%2Fwp%2Fv2%2Fcomments&post=75395"}],"version-history":[{"count":0,"href":"https:\/\/diarioregionaldigital.com.br\/index.php?rest_route=\/wp\/v2\/posts\/75395\/revisions"}],"wp:featuredmedia":[{"embeddable":true,"href":"https:\/\/diarioregionaldigital.com.br\/index.php?rest_route=\/wp\/v2\/media\/75394"}],"wp:attachment":[{"href":"https:\/\/diarioregionaldigital.com.br\/index.php?rest_route=%2Fwp%2Fv2%2Fmedia&parent=75395"}],"wp:term":[{"taxonomy":"category","embeddable":true,"href":"https:\/\/diarioregionaldigital.com.br\/index.php?rest_route=%2Fwp%2Fv2%2Fcategories&post=75395"},{"taxonomy":"post_tag","embeddable":true,"href":"https:\/\/diarioregionaldigital.com.br\/index.php?rest_route=%2Fwp%2Fv2%2Ftags&post=75395"}],"curies":[{"name":"wp","href":"https:\/\/api.w.org\/{rel}","templated":true}]}}