{"id":75393,"date":"2017-06-12T23:38:06","date_gmt":"2017-06-13T02:38:06","guid":{"rendered":"http:\/\/diarioregionaljf.com.br\/2017\/06\/12\/consumidores-precisam-ficar-atentos-ao-desperdicio-de-energia-eletrica\/"},"modified":"2017-06-12T23:38:06","modified_gmt":"2017-06-13T02:38:06","slug":"consumidores-precisam-ficar-atentos-ao-desperdicio-de-energia-eletrica","status":"publish","type":"post","link":"https:\/\/diarioregionaldigital.com.br\/?p=75393","title":{"rendered":"Consumidores precisam ficar atentos ao desperd\u00edcio de energia el\u00e9trica"},"content":{"rendered":"<p>O balan\u00e7o divulgado recentemente pela Associa\u00e7\u00e3o Brasileira das Empresas de Servi\u00e7os de Conserva\u00e7\u00e3o de Energia (Abesco), mostra que, nos \u00faltimos tr\u00eas anos, mais de 140 mil gigawatts-hora (GWh), foram desperdi\u00e7ados, energia suficiente para abastecer uma cidade com cerca de 500 mil pessoas. Somente no ano passado, o estado de Minas Gerais desperdi\u00e7ou mais de 5 mil GWh de energia, representando perda de R$2,4 bilh\u00f5es, que poderiam ser destinados para outras \u00e1reas.<\/p>\n<p>O resultado aponta que o desperd\u00edcio de energia el\u00e9trica \u00e9 o principal fator que encarece a conta de energia e nesta \u00e9poca do ano, a tend\u00eancia \u00e9 de aumentar. \u201cGeralmente, no inverno, ficamos mais tempo no banho e o chuveiro el\u00e9trico \u00e9 o grande \u2018vil\u00e3o\u2019 de consumo de energia em uma resid\u00eancia. Estudos comprovam que sete minutos s\u00e3o suficientes para tomar um banho adequado e evitar o desperd\u00edcio. \u00c9 preciso ficar atento a dura\u00e7\u00e3o do banho\u201d, explicou o t\u00e9cnico do Sistema El\u00e9trico da Companhia Energ\u00e9tica de Minas Gerais (Cemig), Marco Aur\u00e9lio da Silva.<\/p>\n<p>O t\u00e9cnico da Cemig refor\u00e7ou, ainda, que a eletricidade consumida por aparelhos eletr\u00f4nicos no modo standby pode representar um acr\u00e9scimo de at\u00e9 15% na conta de energia el\u00e9trica. No entanto, o consumidor tem a chance de evitar o desperd\u00edcio com uma pequena mudan\u00e7a de h\u00e1bito. \u201cDesligar os equipamentos el\u00e9tricos da tomada quando eles n\u00e3o estiverem sendo utilizados, os receptores de TV por assinatura, os computadores e televis\u00e3o, entre outros, certamente, apresenta grande economia na fatura do fim do m\u00eas\u201d, alertou.<\/p>\n<p>\u201cOutra situa\u00e7\u00e3o a ser observada \u00e9 o uso do celular quando ele esta sendo carregado. Um estudo comprova que se 10% da popula\u00e7\u00e3o mundial retirasse o aparelho da tomada quando ele indica bateria cheia, poder\u00edamos abastecer uma cidade de 60 mil habitantes, durante um ano. \u00c9 uma redu\u00e7\u00e3o significativa no consumo, que perceberemos a partir das pequenas mudan\u00e7as no comportamento\u201d, completou.<\/p>\n<p>Silva ratificou, tamb\u00e9m, que em uma resid\u00eancia, chuveiro, ferro, forno el\u00e9tricos e at\u00e9 mesmo a m\u00e1quina de lavar, s\u00e3o os equipamentos que mais consomem, e as pessoas devem ficar atentas e se poss\u00edvel, utilizar equipamentos mais novos. \u201cHoje em dia, temos uma efici\u00eancia muito grande nos equipamentos novos, pois, eles s\u00e3o mais econ\u00f4micos. Os consumidores devem preferir equipamentos com Selo Procel, pois s\u00e3o mais eficientes\u201d, orientou.<\/p>\n<p>Outra dica \u00e9 a substitui\u00e7\u00e3o de todas as l\u00e2mpadas incandescentes por l\u00e2mpadas de LED. \u201cElas s\u00e3o mais eficientes e podem promover uma redu\u00e7\u00e3o de consumo, de 80% a mais que uma l\u00e2mpada incandescente\u201d, finalizou.<\/p>\n","protected":false},"excerpt":{"rendered":"<p>O balan\u00e7o divulgado recentemente pela Associa\u00e7\u00e3o Brasileira das Empresas de Servi\u00e7os de Conserva\u00e7\u00e3o de Energia (Abesco), mostra que, nos \u00faltimos tr\u00eas anos, mais de 140 mil gigawatts-hora (GWh), foram desperdi\u00e7ados, energia suficiente para abastecer uma cidade com cerca de 500 mil pessoas. Somente no ano passado, o estado de Minas Gerais desperdi\u00e7ou mais de 5 [&hellip;]<\/p>\n","protected":false},"author":96,"featured_media":75392,"comment_status":"closed","ping_status":"closed","sticky":false,"template":"","format":"standard","meta":{"footnotes":""},"categories":[253],"tags":[],"class_list":["post-75393","post","type-post","status-publish","format-standard","has-post-thumbnail","hentry","category-cidade"],"_links":{"self":[{"href":"https:\/\/diarioregionaldigital.com.br\/index.php?rest_route=\/wp\/v2\/posts\/75393","targetHints":{"allow":["GET"]}}],"collection":[{"href":"https:\/\/diarioregionaldigital.com.br\/index.php?rest_route=\/wp\/v2\/posts"}],"about":[{"href":"https:\/\/diarioregionaldigital.com.br\/index.php?rest_route=\/wp\/v2\/types\/post"}],"author":[{"embeddable":true,"href":"https:\/\/diarioregionaldigital.com.br\/index.php?rest_route=\/wp\/v2\/users\/96"}],"replies":[{"embeddable":true,"href":"https:\/\/diarioregionaldigital.com.br\/index.php?rest_route=%2Fwp%2Fv2%2Fcomments&post=75393"}],"version-history":[{"count":0,"href":"https:\/\/diarioregionaldigital.com.br\/index.php?rest_route=\/wp\/v2\/posts\/75393\/revisions"}],"wp:featuredmedia":[{"embeddable":true,"href":"https:\/\/diarioregionaldigital.com.br\/index.php?rest_route=\/wp\/v2\/media\/75392"}],"wp:attachment":[{"href":"https:\/\/diarioregionaldigital.com.br\/index.php?rest_route=%2Fwp%2Fv2%2Fmedia&parent=75393"}],"wp:term":[{"taxonomy":"category","embeddable":true,"href":"https:\/\/diarioregionaldigital.com.br\/index.php?rest_route=%2Fwp%2Fv2%2Fcategories&post=75393"},{"taxonomy":"post_tag","embeddable":true,"href":"https:\/\/diarioregionaldigital.com.br\/index.php?rest_route=%2Fwp%2Fv2%2Ftags&post=75393"}],"curies":[{"name":"wp","href":"https:\/\/api.w.org\/{rel}","templated":true}]}}