{"id":75391,"date":"2017-06-12T23:36:42","date_gmt":"2017-06-13T02:36:42","guid":{"rendered":"http:\/\/diarioregionaljf.com.br\/2017\/06\/12\/dia-mundial-do-doador-de-sangue-reforca-importancia-de-captacao-de-voluntarios\/"},"modified":"2017-06-12T23:36:42","modified_gmt":"2017-06-13T02:36:42","slug":"dia-mundial-do-doador-de-sangue-reforca-importancia-de-captacao-de-voluntarios","status":"publish","type":"post","link":"https:\/\/diarioregionaldigital.com.br\/?p=75391","title":{"rendered":"Dia Mundial do Doador de Sangue refor\u00e7a import\u00e2ncia de capta\u00e7\u00e3o de volunt\u00e1rios"},"content":{"rendered":"<p>No dia 14 deste m\u00eas, \u00e9 comemorado a Dia Mundial do Doador de Sangue. Devido aos feriados e, principalmente, \u00e0 proximidade do inverno, com baixa nas temperaturas, o n\u00famero de doadores de sangue diminuiu consideravelmente no Hemominas de Juiz de Fora. O Hemocentro est\u00e1 pedindo ajuda da popula\u00e7\u00e3o para regularizar o estoque e atender os mais de 50 hospitais das 27 cidades da regi\u00e3o.<\/p>\n<p>Conforme Rosani Martins, integrante da equipe de Capta\u00e7\u00e3o de Doadores do Hemominas, os principais tipos sangu\u00edneos que est\u00e3o em falta s\u00e3o: O+, O- e A-. \u201cTodas as quest\u00f5es internas interferem no comparecimento do doador. Vimos que no fim de semana, houve uma queda de temperatura, o que \u00e9 suficiente para que as pessoas contra\u00edssem resfriados e doen\u00e7as respirat\u00f3rias. Al\u00e9m disso, o feriado prolongado \u00e9 outro fator que impacta, j\u00e1 que as pessoas viajaram e n\u00e3o t\u00eam como contribuir. Obviamente que existe a contrapartida, onde as pessoas que est\u00e3o vindo passear na cidade, acabam ajudando\u201d, explicou.<\/p>\n<p>Ainda segundo Rosani, \u00e9 importante que as pessoas de todos os grupos n\u00e3o deixem de doar sangue, pois cada paciente deve receber seu tipo sangu\u00edneo. \u201cAs pessoas costumam achar que o tipo sangu\u00edneo O-, \u00e9 universal e que pode salvar a vida de todo mundo, no entanto, n\u00e3o \u00e9 bem assim. Somente em \u00faltimo caso podemos usar O- negativo, pois se utilizarmos ele toda hora, quando um paciente precisar n\u00e3o ter\u00e1 para ele. \u00c9 a mesma coisa para os portadores do O+, sangue de maior incid\u00eancia da popula\u00e7\u00e3o, as pessoas pensam que todo muito tem, por\u00e9m, est\u00e3o cometendo grande equ\u00edvoco. Quanto maior incid\u00eancia, maior tamb\u00e9m a demanda. Por isso, precisamos de todos os tipos sangu\u00edneos\u201d, refor\u00e7ou.<\/p>\n<p>Para se tornar doador, o volunt\u00e1rio precisa ter mais que 50Kg, n\u00e3o ter contra\u00eddo hepatite ap\u00f3s os 11 anos de idade, apresentar documento de identidade com foto, al\u00e9m de passar por avalia\u00e7\u00e3o m\u00e9dica. A faixa et\u00e1ria \u00e9 de 16 a 69 anos, sendo que entre 16 e 18, o doador dever\u00e1 estar acompanhado de um respons\u00e1vel ou ter autoriza\u00e7\u00e3o oficial. Entre 60 e 69 anos, somente a pessoa que j\u00e1 tiver doado anteriormente pode doar.<\/p>\n<h4>CAMPANHA<\/h4>\n<p>Para tentar captar novos doadores, o Hemocentro de Juiz de Fora est\u00e1 realizando uma campanha. Nesta quarta-feira 14, a partir das 9h, o coral da Ascomcer se apresenta no local.<\/p>\n<p>Al\u00e9m disso, os doadores ir\u00e3o receber uma lembran\u00e7a referente \u00e0 causa. No pr\u00f3ximo dia 25, \u00e0s 9h30, a equipe promover\u00e1 a terceira Caminhada pela Vida no Museu Mariano Proc\u00f3pio.<\/p>\n","protected":false},"excerpt":{"rendered":"<p>No dia 14 deste m\u00eas, \u00e9 comemorado a Dia Mundial do Doador de Sangue. Devido aos feriados e, principalmente, \u00e0 proximidade do inverno, com baixa nas temperaturas, o n\u00famero de doadores de sangue diminuiu consideravelmente no Hemominas de Juiz de Fora. O Hemocentro est\u00e1 pedindo ajuda da popula\u00e7\u00e3o para regularizar o estoque e atender os [&hellip;]<\/p>\n","protected":false},"author":96,"featured_media":75390,"comment_status":"closed","ping_status":"closed","sticky":false,"template":"","format":"standard","meta":{"footnotes":""},"categories":[253],"tags":[],"class_list":["post-75391","post","type-post","status-publish","format-standard","has-post-thumbnail","hentry","category-cidade"],"_links":{"self":[{"href":"https:\/\/diarioregionaldigital.com.br\/index.php?rest_route=\/wp\/v2\/posts\/75391","targetHints":{"allow":["GET"]}}],"collection":[{"href":"https:\/\/diarioregionaldigital.com.br\/index.php?rest_route=\/wp\/v2\/posts"}],"about":[{"href":"https:\/\/diarioregionaldigital.com.br\/index.php?rest_route=\/wp\/v2\/types\/post"}],"author":[{"embeddable":true,"href":"https:\/\/diarioregionaldigital.com.br\/index.php?rest_route=\/wp\/v2\/users\/96"}],"replies":[{"embeddable":true,"href":"https:\/\/diarioregionaldigital.com.br\/index.php?rest_route=%2Fwp%2Fv2%2Fcomments&post=75391"}],"version-history":[{"count":0,"href":"https:\/\/diarioregionaldigital.com.br\/index.php?rest_route=\/wp\/v2\/posts\/75391\/revisions"}],"wp:featuredmedia":[{"embeddable":true,"href":"https:\/\/diarioregionaldigital.com.br\/index.php?rest_route=\/wp\/v2\/media\/75390"}],"wp:attachment":[{"href":"https:\/\/diarioregionaldigital.com.br\/index.php?rest_route=%2Fwp%2Fv2%2Fmedia&parent=75391"}],"wp:term":[{"taxonomy":"category","embeddable":true,"href":"https:\/\/diarioregionaldigital.com.br\/index.php?rest_route=%2Fwp%2Fv2%2Fcategories&post=75391"},{"taxonomy":"post_tag","embeddable":true,"href":"https:\/\/diarioregionaldigital.com.br\/index.php?rest_route=%2Fwp%2Fv2%2Ftags&post=75391"}],"curies":[{"name":"wp","href":"https:\/\/api.w.org\/{rel}","templated":true}]}}