{"id":75389,"date":"2017-06-12T23:25:47","date_gmt":"2017-06-13T02:25:47","guid":{"rendered":"http:\/\/diarioregionaljf.com.br\/2017\/06\/12\/social-12\/"},"modified":"2017-06-12T23:25:47","modified_gmt":"2017-06-13T02:25:47","slug":"social-12","status":"publish","type":"post","link":"https:\/\/diarioregionaldigital.com.br\/?p=75389","title":{"rendered":"Social"},"content":{"rendered":"<p style=\"text-align: center;\"><span class=\"h3\">Social<\/span><br \/>Tendo como cen\u00e1rio o F\u00e1tima Buffet, foi realizado o tradicional Ch\u00e1 Colonial para as Obras Sociais do Bom Pastor. Mulheres requintadas e solid\u00e1rias participaram da tarde de pr\u00eamios com direito a desfile de Rosana Amaral. Toninho Aleixo floriu e as del\u00edcias servidas por Cida Leite e equipe completaram a elegante tarde. As fotos registram.<\/p>\n<p style=\"text-align: center;\"><img decoding=\"async\" class=\" size-full wp-image-75375\" src=\"http:\/\/diarioregionaljf.com.br\/wp-content\/uploads\/2017\/06\/diario-int-16832-1.JPG\" alt=\"FOTOA.JPG\" width=\"680\" style=\"display: block; margin-left: auto; margin-right: auto;\" srcset=\"https:\/\/diarioregionaldigital.com.br\/wp-content\/uploads\/2017\/06\/diario-int-16832-1.JPG 680w, https:\/\/diarioregionaldigital.com.br\/wp-content\/uploads\/2017\/06\/diario-int-16832-1-300x199.jpg 300w, https:\/\/diarioregionaldigital.com.br\/wp-content\/uploads\/2017\/06\/diario-int-16832-1-360x238.jpg 360w\" sizes=\"(max-width: 680px) 100vw, 680px\" \/>A presidente das Obras Sociais do Bom Pastor Wanda Gontijo Siqueira com as filhas, Renata Villas Boas e Martha Gontijo<\/p>\n<p style=\"text-align: center;\"><img decoding=\"async\" class=\" size-full wp-image-75376\" src=\"http:\/\/diarioregionaljf.com.br\/wp-content\/uploads\/2017\/06\/diario-int-16832-2.JPG\" alt=\"FOTOB.JPG\" width=\"680\" style=\"display: block; margin-left: auto; margin-right: auto;\" srcset=\"https:\/\/diarioregionaldigital.com.br\/wp-content\/uploads\/2017\/06\/diario-int-16832-2.JPG 680w, https:\/\/diarioregionaldigital.com.br\/wp-content\/uploads\/2017\/06\/diario-int-16832-2-300x199.jpg 300w, https:\/\/diarioregionaldigital.com.br\/wp-content\/uploads\/2017\/06\/diario-int-16832-2-360x238.jpg 360w\" sizes=\"(max-width: 680px) 100vw, 680px\" \/>Ivete Gomes, Eduardo Gomes, M\u00f4nica Gomide Guimar\u00e3es e Patr\u00edcia Gomide Paiva<\/p>\n<p style=\"text-align: center;\"><img decoding=\"async\" class=\" size-full wp-image-75377\" src=\"http:\/\/diarioregionaljf.com.br\/wp-content\/uploads\/2017\/06\/diario-int-16832-3.JPG\" alt=\"FOTOC.JPG\" width=\"680\" style=\"display: block; margin-left: auto; margin-right: auto;\" srcset=\"https:\/\/diarioregionaldigital.com.br\/wp-content\/uploads\/2017\/06\/diario-int-16832-3.JPG 680w, https:\/\/diarioregionaldigital.com.br\/wp-content\/uploads\/2017\/06\/diario-int-16832-3-300x199.jpg 300w, https:\/\/diarioregionaldigital.com.br\/wp-content\/uploads\/2017\/06\/diario-int-16832-3-360x238.jpg 360w\" sizes=\"(max-width: 680px) 100vw, 680px\" \/>Luzia Fort e Cl\u00e9lia Mascotte<\/p>\n<p style=\"text-align: center;\"><img decoding=\"async\" class=\" size-full wp-image-75378\" src=\"http:\/\/diarioregionaljf.com.br\/wp-content\/uploads\/2017\/06\/diario-int-16832-4.JPG\" alt=\"FOTOD.JPG\" width=\"680\" style=\"display: block; margin-left: auto; margin-right: auto;\" srcset=\"https:\/\/diarioregionaldigital.com.br\/wp-content\/uploads\/2017\/06\/diario-int-16832-4.JPG 680w, https:\/\/diarioregionaldigital.com.br\/wp-content\/uploads\/2017\/06\/diario-int-16832-4-300x199.jpg 300w, https:\/\/diarioregionaldigital.com.br\/wp-content\/uploads\/2017\/06\/diario-int-16832-4-360x238.jpg 360w\" sizes=\"(max-width: 680px) 100vw, 680px\" \/>Nawal Arbex e Leny Barros<\/p>\n<p style=\"text-align: center;\"><img decoding=\"async\" class=\" size-full wp-image-75379\" src=\"http:\/\/diarioregionaljf.com.br\/wp-content\/uploads\/2017\/06\/diario-int-16832-5.JPG\" alt=\"FOTOE.JPG\" width=\"680\" style=\"display: block; margin-left: auto; margin-right: auto;\" srcset=\"https:\/\/diarioregionaldigital.com.br\/wp-content\/uploads\/2017\/06\/diario-int-16832-5.JPG 680w, https:\/\/diarioregionaldigital.com.br\/wp-content\/uploads\/2017\/06\/diario-int-16832-5-300x199.jpg 300w, https:\/\/diarioregionaldigital.com.br\/wp-content\/uploads\/2017\/06\/diario-int-16832-5-360x238.jpg 360w\" sizes=\"(max-width: 680px) 100vw, 680px\" \/>Luciana Paschoalino, Arly Queir\u00f3s Salles, Wanda Magnolo, Regina Denny e Val\u00e9ria Salles<\/p>\n<p style=\"text-align: center;\"><img decoding=\"async\" class=\" size-full wp-image-75380\" src=\"http:\/\/diarioregionaljf.com.br\/wp-content\/uploads\/2017\/06\/diario-int-16832-6.JPG\" alt=\"FOTOF.JPG\" width=\"680\" style=\"display: block; margin-left: auto; margin-right: auto;\" srcset=\"https:\/\/diarioregionaldigital.com.br\/wp-content\/uploads\/2017\/06\/diario-int-16832-6.JPG 680w, https:\/\/diarioregionaldigital.com.br\/wp-content\/uploads\/2017\/06\/diario-int-16832-6-300x199.jpg 300w, https:\/\/diarioregionaldigital.com.br\/wp-content\/uploads\/2017\/06\/diario-int-16832-6-360x238.jpg 360w\" sizes=\"(max-width: 680px) 100vw, 680px\" \/>Carmem L\u00facia Zacarias, Luciana Paschoalino, Franciane Zacarias Paschoalino e Iris Carone Rachid<\/p>\n<p style=\"text-align: center;\"><img decoding=\"async\" class=\" size-full wp-image-75381\" src=\"http:\/\/diarioregionaljf.com.br\/wp-content\/uploads\/2017\/06\/diario-int-16832-7.JPG\" alt=\"FOTOG.JPG\" width=\"680\" style=\"display: block; margin-left: auto; margin-right: auto;\" srcset=\"https:\/\/diarioregionaldigital.com.br\/wp-content\/uploads\/2017\/06\/diario-int-16832-7.JPG 680w, https:\/\/diarioregionaldigital.com.br\/wp-content\/uploads\/2017\/06\/diario-int-16832-7-300x199.jpg 300w, https:\/\/diarioregionaldigital.com.br\/wp-content\/uploads\/2017\/06\/diario-int-16832-7-360x238.jpg 360w\" sizes=\"(max-width: 680px) 100vw, 680px\" \/>Florinha Carmo, Marinha Toledo, Vera Ganimi e Lygia Toledo<\/p>\n<p style=\"text-align: center;\"><img decoding=\"async\" class=\" size-full wp-image-75382\" src=\"http:\/\/diarioregionaljf.com.br\/wp-content\/uploads\/2017\/06\/diario-int-16832-8.JPG\" alt=\"FOTOL.JPG\" width=\"680\" style=\"display: block; margin-left: auto; margin-right: auto;\" srcset=\"https:\/\/diarioregionaldigital.com.br\/wp-content\/uploads\/2017\/06\/diario-int-16832-8.JPG 680w, https:\/\/diarioregionaldigital.com.br\/wp-content\/uploads\/2017\/06\/diario-int-16832-8-300x199.jpg 300w, https:\/\/diarioregionaldigital.com.br\/wp-content\/uploads\/2017\/06\/diario-int-16832-8-360x238.jpg 360w\" sizes=\"(max-width: 680px) 100vw, 680px\" \/>Gl\u00f3ria Novaes e Silva e S\u00f4nia Zouain<\/p>\n<p style=\"text-align: center;\"><img decoding=\"async\" class=\" size-full wp-image-75383\" src=\"http:\/\/diarioregionaljf.com.br\/wp-content\/uploads\/2017\/06\/diario-int-16832-9.JPG\" alt=\"FOTOM.JPG\" width=\"680\" style=\"display: block; margin-left: auto; margin-right: auto;\" srcset=\"https:\/\/diarioregionaldigital.com.br\/wp-content\/uploads\/2017\/06\/diario-int-16832-9.JPG 680w, https:\/\/diarioregionaldigital.com.br\/wp-content\/uploads\/2017\/06\/diario-int-16832-9-300x199.jpg 300w, https:\/\/diarioregionaldigital.com.br\/wp-content\/uploads\/2017\/06\/diario-int-16832-9-360x238.jpg 360w\" sizes=\"(max-width: 680px) 100vw, 680px\" \/>Silvana Paiva e Irene Barros<\/p>\n<p style=\"text-align: center;\"><img decoding=\"async\" class=\" size-full wp-image-75384\" src=\"http:\/\/diarioregionaljf.com.br\/wp-content\/uploads\/2017\/06\/diario-int-16832-10.JPG\" alt=\"FOTON.JPG\" width=\"680\" style=\"display: block; margin-left: auto; margin-right: auto;\" srcset=\"https:\/\/diarioregionaldigital.com.br\/wp-content\/uploads\/2017\/06\/diario-int-16832-10.JPG 680w, https:\/\/diarioregionaldigital.com.br\/wp-content\/uploads\/2017\/06\/diario-int-16832-10-300x199.jpg 300w, https:\/\/diarioregionaldigital.com.br\/wp-content\/uploads\/2017\/06\/diario-int-16832-10-360x238.jpg 360w\" sizes=\"(max-width: 680px) 100vw, 680px\" \/>Therezinha Guedes e Elvira Ces\u00e1rio<\/p>\n<p style=\"text-align: center;\"><img decoding=\"async\" class=\" size-full wp-image-75385\" src=\"http:\/\/diarioregionaljf.com.br\/wp-content\/uploads\/2017\/06\/diario-int-16832-11.JPG\" alt=\"FOTOO.JPG\" width=\"680\" style=\"display: block; margin-left: auto; margin-right: auto;\" srcset=\"https:\/\/diarioregionaldigital.com.br\/wp-content\/uploads\/2017\/06\/diario-int-16832-11.JPG 680w, https:\/\/diarioregionaldigital.com.br\/wp-content\/uploads\/2017\/06\/diario-int-16832-11-300x199.jpg 300w, https:\/\/diarioregionaldigital.com.br\/wp-content\/uploads\/2017\/06\/diario-int-16832-11-360x238.jpg 360w\" sizes=\"(max-width: 680px) 100vw, 680px\" \/>Beatriz Oliveira e Regina Horta e Silva<\/p>\n<p style=\"text-align: center;\"><img decoding=\"async\" class=\" size-full wp-image-75386\" src=\"http:\/\/diarioregionaljf.com.br\/wp-content\/uploads\/2017\/06\/diario-int-16832-12.JPG\" alt=\"FOTOP.JPG\" width=\"680\" style=\"display: block; margin-left: auto; margin-right: auto;\" srcset=\"https:\/\/diarioregionaldigital.com.br\/wp-content\/uploads\/2017\/06\/diario-int-16832-12.JPG 680w, https:\/\/diarioregionaldigital.com.br\/wp-content\/uploads\/2017\/06\/diario-int-16832-12-300x199.jpg 300w, https:\/\/diarioregionaldigital.com.br\/wp-content\/uploads\/2017\/06\/diario-int-16832-12-360x238.jpg 360w\" sizes=\"(max-width: 680px) 100vw, 680px\" \/>Edilaine Barbosa e Nara Coelho<\/p>\n<p style=\"text-align: center;\"><img decoding=\"async\" class=\" size-full wp-image-75387\" src=\"http:\/\/diarioregionaljf.com.br\/wp-content\/uploads\/2017\/06\/diario-int-16832-13.JPG\" alt=\"FOTOQ.JPG\" width=\"680\" style=\"display: block; margin-left: auto; margin-right: auto;\" srcset=\"https:\/\/diarioregionaldigital.com.br\/wp-content\/uploads\/2017\/06\/diario-int-16832-13.JPG 680w, https:\/\/diarioregionaldigital.com.br\/wp-content\/uploads\/2017\/06\/diario-int-16832-13-300x199.jpg 300w, https:\/\/diarioregionaldigital.com.br\/wp-content\/uploads\/2017\/06\/diario-int-16832-13-360x238.jpg 360w\" sizes=\"(max-width: 680px) 100vw, 680px\" \/>Beth Vale e Wanda Gontijo Siqueira<\/p>\n<p style=\"text-align: center;\"><img decoding=\"async\" class=\" size-full wp-image-75388\" src=\"http:\/\/diarioregionaljf.com.br\/wp-content\/uploads\/2017\/06\/diario-int-16832-14.jpg\" alt=\"AA.jpg\" width=\"680\" style=\"display: block; margin-left: auto; margin-right: auto;\" srcset=\"https:\/\/diarioregionaldigital.com.br\/wp-content\/uploads\/2017\/06\/diario-int-16832-14.jpg 680w, https:\/\/diarioregionaldigital.com.br\/wp-content\/uploads\/2017\/06\/diario-int-16832-14-266x300.jpg 266w, https:\/\/diarioregionaldigital.com.br\/wp-content\/uploads\/2017\/06\/diario-int-16832-14-360x407.jpg 360w\" sizes=\"(max-width: 680px) 100vw, 680px\" \/>Festejando anivers\u00e1rio nesta 4a feira, 14, o top desing empres\u00e1rio, Alex Petrato. Veste M.Marques<\/p>\n<p class=\"h4\" style=\"text-align: center;\">FOTOSS\u00cdNTESE<\/p>\n<p>Em estilo mil cores, continua em cartaz na Pra\u00e7a da Esta\u00e7\u00e3o, a Feira de Flores de Holambra. O hor\u00e1rio de 8h da manh\u00e3 \u00e0s 20h, vai at\u00e9 o dia 18 de junho.<\/p>\n<p>O m\u00e9todo terap\u00eautico que est\u00e1 encantando o mundo, est\u00e1 na Constela\u00e7\u00e3o Familiar Sist\u00eamica Transgeracional. A sede em Juiz de Fora \u00e9 dirigida pelo Psicoterapeuta corporal Christian Curioni e pelo Especialista em Psicoloterpia Reichiana Valney Brugger.<\/p>\n<p>Jantares, Eventos e entrega de marmitex com gastronomia de alta qualidade leva a firma Jack-Artes Culin\u00e1rias a angariar muitos clientes. Para encomendar: 99184-2502.<br \/>At\u00e9 2 de julho, os talentosos atores do Grupo Divulga\u00e7\u00e3o apresentam as pe\u00e7as Sinos de S\u00e3o Jo\u00e3o \u00e0s 16h45 e Mam\u00e3e me Acode \u00e0s 20h30. As apresenta\u00e7\u00f5es s\u00e3o do Forum da Cultura, com dire\u00e7\u00e3o e adapta\u00e7\u00e3o de Jos\u00e9 Luiz Ribeiro.<\/p>\n<p>Em sintonia com a solidariedade, ser\u00e1 no dia 18 de junho, a Festa Junina da Comunidade Resgate.<\/p>\n<p>Din\u00e2mico e atuante, o veterin\u00e1rio S\u00e9rgio Barone participa hoje da Alta Advantage Showcase que acontece em Michigan.<\/p>\n<p>A Feira Livre toda quarta-feira \u00e0 noite na Pra\u00e7a Ant\u00f4nio Carlos est\u00e1 bombando. \u00c9 dos raros eventos realizados ali que n\u00e3o tem confus\u00e3o, nem arrast\u00e3o.<\/p>\n<p>Exemplos de sucesso, Jovino Campos, F\u00falvio Albertoni, Fl\u00e1via Gonzaga Costa e Paulo Roberto Lopes participaram da 3\u00aa Edi\u00e7\u00e3o do F\u00f3rum Permanente de Discuss\u00e3o para o Desenvolvimento Econ\u00f4mico e Sustent\u00e1vel, no anfiteatro da Pra\u00e7a CEU, em Benfica.<\/p>\n<p>Muito competente e \u00e9tica, a m\u00e9dica Laura Ornellas Halfeld, da Cl\u00ednica Gedcenter e Monte Sinai, tomou posse na presid\u00eancia da Sociedade Brasileira de Endoscopia Digestiva\/MG.<\/p>\n<p>Ana Moraes est\u00e1 curtindo tour pela Europa. Cl\u00e1udia e a filha Lilia Nunes, tamb\u00e9m, W\u00eamerson Goulart est\u00e1 na Irlanda.<\/p>\n<p>Ivanir e Carlos Alberto Ferreira foram conferir o ensaio da Escola de Samba X9 Paulistana, em S\u00e3o Paulo.<\/p>\n<p>Sandra Portella e Banda faz Show no Muzik, na 4\u00aa feira, 14.<\/p>\n<p>Para o dia 23 de junho, tem Show \u00e0s 22h do cantor Almir Sater e banda, no Capit\u00f3lio.<\/p>\n<p>O din\u00e2mico Diogo Carneiro esteve em S\u00e3o Paulo participando, na Impacta Servi\u00e7o Comercial, do curso Inova\u00e7\u00e3o em Comunica\u00e7\u00e3o e NeuroMarketing com o \u2018expert\u2019 Fernando Kimura.<\/p>\n<p>Din\u00e2mica e atuante, S\u00f4nia Maria Paschoalin tem se exercitado na Gest\u00e3o e MKT do Fitness na AcquaVip Academia Club.<\/p>\n<p>Hoje, 14 de junho, vai bombar a Festa Euphorika no Sal\u00e3o do Ol\u00edmpico. Nas carrapetas, o Dj Diego Mora e a esfuziante Duda Flux. Para arrasar ainda mais, Dj Coldhans colocando todos para dan\u00e7ar.<\/p>\n<p>O egresso do curso de Ci\u00eancias Biol\u00f3gicas do Centro de Ensino Superior de Juiz de Fora (CES\/JF), Jo\u00e3o Ara\u00fajo, defendeu seu PhD intitulado: \u201cDiversity, Ecology and Evolution of Myrmecophilous Ophiocordyceps\u201d. A defesa aconteceu no Departament of Biology, na Pennsylvania State University.<\/p>\n<p>Dica: Cansado de indignar? O historiador norte-americano Tomothy Snyder d\u00e1 sugest\u00f5es para enfrentar os desafios da atualidade no livro \u201cSobre a Tirania\u201d. Bom dia, bom feriado.<\/p>\n","protected":false},"excerpt":{"rendered":"<p>SocialTendo como cen\u00e1rio o F\u00e1tima Buffet, foi realizado o tradicional Ch\u00e1 Colonial para as Obras Sociais do Bom Pastor. Mulheres requintadas e solid\u00e1rias participaram da tarde de pr\u00eamios com direito a desfile de Rosana Amaral. Toninho Aleixo floriu e as del\u00edcias servidas por Cida Leite e equipe completaram a elegante tarde. As fotos registram. A [&hellip;]<\/p>\n","protected":false},"author":96,"featured_media":75374,"comment_status":"closed","ping_status":"closed","sticky":false,"template":"","format":"standard","meta":{"footnotes":""},"categories":[264],"tags":[],"class_list":["post-75389","post","type-post","status-publish","format-standard","has-post-thumbnail","hentry","category-eduardo-gomes"],"_links":{"self":[{"href":"https:\/\/diarioregionaldigital.com.br\/index.php?rest_route=\/wp\/v2\/posts\/75389","targetHints":{"allow":["GET"]}}],"collection":[{"href":"https:\/\/diarioregionaldigital.com.br\/index.php?rest_route=\/wp\/v2\/posts"}],"about":[{"href":"https:\/\/diarioregionaldigital.com.br\/index.php?rest_route=\/wp\/v2\/types\/post"}],"author":[{"embeddable":true,"href":"https:\/\/diarioregionaldigital.com.br\/index.php?rest_route=\/wp\/v2\/users\/96"}],"replies":[{"embeddable":true,"href":"https:\/\/diarioregionaldigital.com.br\/index.php?rest_route=%2Fwp%2Fv2%2Fcomments&post=75389"}],"version-history":[{"count":0,"href":"https:\/\/diarioregionaldigital.com.br\/index.php?rest_route=\/wp\/v2\/posts\/75389\/revisions"}],"wp:featuredmedia":[{"embeddable":true,"href":"https:\/\/diarioregionaldigital.com.br\/index.php?rest_route=\/wp\/v2\/media\/75374"}],"wp:attachment":[{"href":"https:\/\/diarioregionaldigital.com.br\/index.php?rest_route=%2Fwp%2Fv2%2Fmedia&parent=75389"}],"wp:term":[{"taxonomy":"category","embeddable":true,"href":"https:\/\/diarioregionaldigital.com.br\/index.php?rest_route=%2Fwp%2Fv2%2Fcategories&post=75389"},{"taxonomy":"post_tag","embeddable":true,"href":"https:\/\/diarioregionaldigital.com.br\/index.php?rest_route=%2Fwp%2Fv2%2Ftags&post=75389"}],"curies":[{"name":"wp","href":"https:\/\/api.w.org\/{rel}","templated":true}]}}