{"id":75322,"date":"2017-06-10T14:49:55","date_gmt":"2017-06-10T17:49:55","guid":{"rendered":"http:\/\/diarioregionaljf.com.br\/2017\/06\/10\/tres-acidentes-de-transito-com-vitimas-na-madrugada-deste-sabado\/"},"modified":"2017-06-10T14:49:55","modified_gmt":"2017-06-10T17:49:55","slug":"tres-acidentes-de-transito-com-vitimas-na-madrugada-deste-sabado","status":"publish","type":"post","link":"https:\/\/diarioregionaldigital.com.br\/?p=75322","title":{"rendered":"Tr\u00eas acidentes de tr\u00e2nsito com v\u00edtimas na madrugada deste s\u00e1bado"},"content":{"rendered":"<p>A Pol\u00edcia Militar (PM) registrou pelo menos 3 acidentes de tr\u00e2nsito na madrugada deste s\u00e1bado, 10, em Juiz de Fora. Os acidentes ocorreram entre 5h e 5h45.<\/p>\n<p>A primeira ocorr\u00eancia foi na rua Paracatu, no Bairro Bom Clima, localizado na zona Nordeste. Segundo registro da PM, dois carros bateram na subida da Serra dos Bandeirantes. Um dos ve\u00edculos invadiu o passeio e atropelou duas pessoas. As v\u00edtimas foram atendidas pelo SAMU e encaminhadas at\u00e9 a UPA Norte.<\/p>\n<p>O segundo caso, ocorreu na Avenida Presidente Juscelino Kubitschek. Segundo informa\u00e7\u00f5es, o motorista seguia pela Avenida, na altura do bairro Barbosa Lage, zona Norte, quando se chocou contra um poste no canteiro central da avenida. O ve\u00edculo capotou, ficando com as quatro rodas para o alto. O motorista estava sozinho no carro. Ele foi atendido pelo SAMU e encaminhado a UPA Norte.<\/p>\n<p>O terceiro caso ocorreu na Avenida Garcia Rodrigues Paes, no bairro Industrial, localizado na zona Norte. Segundo a PM, um motorista perdeu o controle do ve\u00edculo e chocou-se contra um poste, nas proximidades do Mercado Atacad\u00e3o. Duas pessoas ficaram feridas e foram conduzidas por populares ao Hospital de Pronto Socorro (HPS).<\/p>\n<p>Todas as ocorr\u00eancias ainda se encontram em andamento.<\/p>\n","protected":false},"excerpt":{"rendered":"<p>A Pol\u00edcia Militar (PM) registrou pelo menos 3 acidentes de tr\u00e2nsito na madrugada deste s\u00e1bado, 10, em Juiz de Fora. Os acidentes ocorreram entre 5h e 5h45. A primeira ocorr\u00eancia foi na rua Paracatu, no Bairro Bom Clima, localizado na zona Nordeste. Segundo registro da PM, dois carros bateram na subida da Serra dos Bandeirantes. [&hellip;]<\/p>\n","protected":false},"author":96,"featured_media":0,"comment_status":"closed","ping_status":"closed","sticky":false,"template":"","format":"standard","meta":{"footnotes":""},"categories":[253],"tags":[],"class_list":["post-75322","post","type-post","status-publish","format-standard","hentry","category-cidade"],"_links":{"self":[{"href":"https:\/\/diarioregionaldigital.com.br\/index.php?rest_route=\/wp\/v2\/posts\/75322","targetHints":{"allow":["GET"]}}],"collection":[{"href":"https:\/\/diarioregionaldigital.com.br\/index.php?rest_route=\/wp\/v2\/posts"}],"about":[{"href":"https:\/\/diarioregionaldigital.com.br\/index.php?rest_route=\/wp\/v2\/types\/post"}],"author":[{"embeddable":true,"href":"https:\/\/diarioregionaldigital.com.br\/index.php?rest_route=\/wp\/v2\/users\/96"}],"replies":[{"embeddable":true,"href":"https:\/\/diarioregionaldigital.com.br\/index.php?rest_route=%2Fwp%2Fv2%2Fcomments&post=75322"}],"version-history":[{"count":0,"href":"https:\/\/diarioregionaldigital.com.br\/index.php?rest_route=\/wp\/v2\/posts\/75322\/revisions"}],"wp:attachment":[{"href":"https:\/\/diarioregionaldigital.com.br\/index.php?rest_route=%2Fwp%2Fv2%2Fmedia&parent=75322"}],"wp:term":[{"taxonomy":"category","embeddable":true,"href":"https:\/\/diarioregionaldigital.com.br\/index.php?rest_route=%2Fwp%2Fv2%2Fcategories&post=75322"},{"taxonomy":"post_tag","embeddable":true,"href":"https:\/\/diarioregionaldigital.com.br\/index.php?rest_route=%2Fwp%2Fv2%2Ftags&post=75322"}],"curies":[{"name":"wp","href":"https:\/\/api.w.org\/{rel}","templated":true}]}}