{"id":75198,"date":"2017-06-08T23:46:51","date_gmt":"2017-06-09T02:46:51","guid":{"rendered":"http:\/\/diarioregionaljf.com.br\/2017\/06\/08\/forca-tarefa-da-previdencia-prende-mais-seis-pessoas-envolvidas-em-fraudes\/"},"modified":"2017-06-08T23:46:51","modified_gmt":"2017-06-09T02:46:51","slug":"forca-tarefa-da-previdencia-prende-mais-seis-pessoas-envolvidas-em-fraudes","status":"publish","type":"post","link":"https:\/\/diarioregionaldigital.com.br\/?p=75198","title":{"rendered":"For\u00e7a Tarefa da Previd\u00eancia prende mais seis pessoas envolvidas em fraudes"},"content":{"rendered":"<p>A For\u00e7a-Tarefa Previdenci\u00e1ria prendeu, nesta \u00faltima quinta-feira, 8, seis pessoas acusadas de fraudar benef\u00edcios assistenciais ao idoso (BPC\/LOAS). Al\u00e9m das pris\u00f5es preventivas, a Opera\u00e7\u00e3o Monte Gordo cumpriu outros seis mandados de busca e apreens\u00e3o nos munic\u00edpios de Cama\u00e7ari e Nilo, localizados no estado da Bahia; e em Ituiutaba, Minas Gerais.<\/p>\n<p>A organiza\u00e7\u00e3o criminosa atuava desde 2009, sendo formada por pelo menos seis integrantes que exerciam fraudulentamente as fun\u00e7\u00f5es de procuradores em benef\u00edcios assistenciais \u00e0 pessoa idosa. O esquema criminoso era realizado atrav\u00e9s da cria\u00e7\u00e3o de pessoas fict\u00edcias por meio de documentos inid\u00f4neos e procura\u00e7\u00f5es p\u00fablicas falsificadas, outorgadas aos fraudadores para fins de concess\u00f5es e saques dos benef\u00edcios.<br \/>O valor do preju\u00edzo estimado at\u00e9 o momento \u00e9 de R$2,3 milh\u00f5es aos cofres da Previd\u00eancia, relativo a 54 benef\u00edcios analisados pela Intelig\u00eancia Previdenci\u00e1ria. O valor do preju\u00edzo evitado, considerando a expectativa de vida constante na tabela do Instituto Brasileiro de Geografia Estat\u00edstica (IBGE) foi de R$2,8 milh\u00f5es.<\/p>\n<p>A a\u00e7\u00e3o contou com a participa\u00e7\u00e3o de 40 policiais federais, seis servidores da Secretaria da Previd\u00eancia do Minist\u00e9rio da Fazenda e dois servidores do Instituto Nacional do Seguro Social (INSS).<\/p>\n<p>Os envolvidos ser\u00e3o indiciados pela pr\u00e1tica dos crimes de estelionato contra a assist\u00eancia social e associa\u00e7\u00e3o criminosa.<\/p>\n<h4>For\u00e7a Tarefa<\/h4>\n<p>A For\u00e7a Tarefa Previdenci\u00e1ria \u00e9 uma parceria entre a Secretaria de Previd\u00eancia, a Pol\u00edcia Federal e o Minist\u00e9rio P\u00fablico Federal, que visa a combater crimes contra o sistema previdenci\u00e1rio. A Coordena\u00e7\u00e3o-Geral de Intelig\u00eancia Previdenci\u00e1ria (COINP) da Secretaria de Previd\u00eancia \u00e9 a \u00e1rea respons\u00e1vel por identificar e analisar distor\u00e7\u00f5es que envolvem ind\u00edcios de fraudes contra a Previd\u00eancia.<\/p>\n<p>Al\u00e9m dos \u00f3rg\u00e3os integrantes da For\u00e7a Tarefa, a COINP conta com o apoio do INSS, na cess\u00e3o de servidores para composi\u00e7\u00e3o dos grupos de trabalhos e no repasse de informa\u00e7\u00f5es essenciais na descoberta de fraudes estruturadas nos sistemas previdenci\u00e1rios. Outra forma importante no combate \u00e0s fraudes \u00e9 a an\u00e1lise de den\u00fancias feitas por cidad\u00e3os no canal de teleatendimento 135. Muitas das opera\u00e7\u00f5es deflagradas pela For\u00e7a Tarefa Previdenci\u00e1ria come\u00e7am com uma simples den\u00fancia que \u00e9 analisada pela Intelig\u00eancia Previdenci\u00e1ria.<\/p>\n<p>Fonte: Assessoria<\/p>\n","protected":false},"excerpt":{"rendered":"<p>A For\u00e7a-Tarefa Previdenci\u00e1ria prendeu, nesta \u00faltima quinta-feira, 8, seis pessoas acusadas de fraudar benef\u00edcios assistenciais ao idoso (BPC\/LOAS). Al\u00e9m das pris\u00f5es preventivas, a Opera\u00e7\u00e3o Monte Gordo cumpriu outros seis mandados de busca e apreens\u00e3o nos munic\u00edpios de Cama\u00e7ari e Nilo, localizados no estado da Bahia; e em Ituiutaba, Minas Gerais. A organiza\u00e7\u00e3o criminosa atuava desde [&hellip;]<\/p>\n","protected":false},"author":96,"featured_media":75197,"comment_status":"closed","ping_status":"closed","sticky":false,"template":"","format":"standard","meta":{"footnotes":""},"categories":[261],"tags":[],"class_list":["post-75198","post","type-post","status-publish","format-standard","has-post-thumbnail","hentry","category-economia"],"_links":{"self":[{"href":"https:\/\/diarioregionaldigital.com.br\/index.php?rest_route=\/wp\/v2\/posts\/75198","targetHints":{"allow":["GET"]}}],"collection":[{"href":"https:\/\/diarioregionaldigital.com.br\/index.php?rest_route=\/wp\/v2\/posts"}],"about":[{"href":"https:\/\/diarioregionaldigital.com.br\/index.php?rest_route=\/wp\/v2\/types\/post"}],"author":[{"embeddable":true,"href":"https:\/\/diarioregionaldigital.com.br\/index.php?rest_route=\/wp\/v2\/users\/96"}],"replies":[{"embeddable":true,"href":"https:\/\/diarioregionaldigital.com.br\/index.php?rest_route=%2Fwp%2Fv2%2Fcomments&post=75198"}],"version-history":[{"count":0,"href":"https:\/\/diarioregionaldigital.com.br\/index.php?rest_route=\/wp\/v2\/posts\/75198\/revisions"}],"wp:featuredmedia":[{"embeddable":true,"href":"https:\/\/diarioregionaldigital.com.br\/index.php?rest_route=\/wp\/v2\/media\/75197"}],"wp:attachment":[{"href":"https:\/\/diarioregionaldigital.com.br\/index.php?rest_route=%2Fwp%2Fv2%2Fmedia&parent=75198"}],"wp:term":[{"taxonomy":"category","embeddable":true,"href":"https:\/\/diarioregionaldigital.com.br\/index.php?rest_route=%2Fwp%2Fv2%2Fcategories&post=75198"},{"taxonomy":"post_tag","embeddable":true,"href":"https:\/\/diarioregionaldigital.com.br\/index.php?rest_route=%2Fwp%2Fv2%2Ftags&post=75198"}],"curies":[{"name":"wp","href":"https:\/\/api.w.org\/{rel}","templated":true}]}}