{"id":75196,"date":"2017-06-08T23:44:19","date_gmt":"2017-06-09T02:44:19","guid":{"rendered":"http:\/\/diarioregionaljf.com.br\/2017\/06\/08\/setor-de-brinquedos-espera-crescimento-de-10-em-2017\/"},"modified":"2017-06-08T23:44:19","modified_gmt":"2017-06-09T02:44:19","slug":"setor-de-brinquedos-espera-crescimento-de-10-em-2017","status":"publish","type":"post","link":"https:\/\/diarioregionaldigital.com.br\/?p=75196","title":{"rendered":"Setor de brinquedos espera crescimento de 10% em 2017"},"content":{"rendered":"<p>Ao contr\u00e1rio de outros setores da economia que projetaram retra\u00e7\u00e3o ou expans\u00e3o m\u00ednima para este ano, a ind\u00fastria de brinquedos espera crescer 10% em 2017, segundo a Associa\u00e7\u00e3o Brasileira dos Fabricantes de Brinquedos (Abrinq). \u201cO brinquedo \u00e9 desconectado desses problemas econ\u00f4micos, vai direto ao cora\u00e7\u00e3o\u201d, diz o presidente da entidade, Syn\u00e9sio Batista da Costa.<\/p>\n<p>O desempenho da ind\u00fastria nacional de brinquedos tem crescido nos \u00faltimos oito anos. De acordo com a Abrinq, desde 2009 o faturamento cresce ininterruptamente, sempre com alta da produ\u00e7\u00e3o nacional. Em 2016, o faturamento total da ind\u00fastria (pre\u00e7o de varejo) foi da ordem de R$ 6 milh\u00f5es sendo que a produ\u00e7\u00e3o nacional foi de R$ 3,4 milh\u00f5es. O resultado significa crescimento de 7% em rela\u00e7\u00e3o a 2015. \u201cEm mais quatro anos a produ\u00e7\u00e3o nacional dever\u00e1 ficar com 70% do mercado\u201d, acredita o presidente da Abrinq.<\/p>\n<h4>FEIRAS<\/h4>\n<p>Diante do cen\u00e1rio, surgem mais feiras de neg\u00f3cios voltadas \u00e0 \u00e1rea. No final de junho, uma nova feira de brinquedos de ocorre em S\u00e3o Paulo, direcionada a compradores, distribuidores, atacadistas, e-commerces, representantes e com\u00e9rcio de brinquedos. Na Expo Toys ser\u00e3o apresentadas as principais novidades em jogos, brinquedos, puericultura, produtos de entretenimento, livros e outros itens infantis. O evento come\u00e7a no dia 25 e vai at\u00e9 28 de junho e re\u00fane mais de 50 expositores, com p\u00fablico estimado em 4 mil pessoas.<\/p>\n<p>J\u00e1 a Abrin, terceira maior feira de brinquedos do mundo e a maior da Am\u00e9rica Latina, ser\u00e1 no come\u00e7o do ano e \u00e9 uma refer\u00eancia para o mercado. Apresenta brinquedos em geral, educativos e pedag\u00f3gicos, puericultura, produtos licenciados, entre outros.<\/p>\n<p>De acordo com Alexandre Torres de Carvalho, diretor da ExpoToys, o Dia das Crian\u00e7as e o Natal garantem as vendas do setor. \u201c[O Dia das Crian\u00e7as] \u00e9 a data mais forte em vendas para o setor e logo vem o Natal, o que coroa as vendas. As fam\u00edlias brasileiras sempre presenteiam nessas datas, o que mant\u00e9m o setor sempre aquecido e dessa forma n\u00e3o \u00e9 prejudicado\u201d.<\/p>\n<p>Carvalho tamb\u00e9m destaca que a alta do d\u00f3lar foi determinante para o fortalecimento do mercado interno. \u201cCom a alta do d\u00f3lar nos \u00faltimos anos, caiu a venda de produtos importados, o mercado interno bruto de produtos cresceu e o de brinquedos acompanhou esse crescimento. A China ainda \u00e9 um gigante na venda de brinquedos, mas conquistamos o nosso espa\u00e7o\u201d.<\/p>\n<h4>BRINQUEDOS PREFERIDOS<\/h4>\n<p>Em primeiro lugar na prefer\u00eancia das crian\u00e7as, segundo estat\u00edstica da Abrinq, lideraram as vendas no ano passado as bonecas e bonecos, com 18,7%; seguidos dos carrinhos (15,1%), patins, patinetes e ve\u00edculos a bateria (12%) e os brinquedos que reproduzem o mundo real (10,2%). Nas vendas por canais, destaque para o crescimento da participa\u00e7\u00e3o da Internet, que saiu de zero em 2009 e passou para 20,5% das vendas do setor no ano passado. As lojas especializadas s\u00e3o as campe\u00e3s de vendas, com 33,2%.<\/p>\n<p>S\u00e3o Paulo \u00e9 o maior mercado para a ind\u00fastria do brinquedo no pa\u00eds, com 33%, seguido do Rio de Janeiro (9,8%), Minas Gerais (8,3%), Santa Catarina (6,6%) e Paran\u00e1 (6%). Os dados, da Abrinq, referem-se \u00e0s vendas de 2016.<\/p>\n<p>Fonte: Ag\u00eancia Brasil<\/p>\n","protected":false},"excerpt":{"rendered":"<p>Ao contr\u00e1rio de outros setores da economia que projetaram retra\u00e7\u00e3o ou expans\u00e3o m\u00ednima para este ano, a ind\u00fastria de brinquedos espera crescer 10% em 2017, segundo a Associa\u00e7\u00e3o Brasileira dos Fabricantes de Brinquedos (Abrinq). \u201cO brinquedo \u00e9 desconectado desses problemas econ\u00f4micos, vai direto ao cora\u00e7\u00e3o\u201d, diz o presidente da entidade, Syn\u00e9sio Batista da Costa. O [&hellip;]<\/p>\n","protected":false},"author":96,"featured_media":75195,"comment_status":"closed","ping_status":"closed","sticky":false,"template":"","format":"standard","meta":{"footnotes":""},"categories":[261],"tags":[],"class_list":["post-75196","post","type-post","status-publish","format-standard","has-post-thumbnail","hentry","category-economia"],"_links":{"self":[{"href":"https:\/\/diarioregionaldigital.com.br\/index.php?rest_route=\/wp\/v2\/posts\/75196","targetHints":{"allow":["GET"]}}],"collection":[{"href":"https:\/\/diarioregionaldigital.com.br\/index.php?rest_route=\/wp\/v2\/posts"}],"about":[{"href":"https:\/\/diarioregionaldigital.com.br\/index.php?rest_route=\/wp\/v2\/types\/post"}],"author":[{"embeddable":true,"href":"https:\/\/diarioregionaldigital.com.br\/index.php?rest_route=\/wp\/v2\/users\/96"}],"replies":[{"embeddable":true,"href":"https:\/\/diarioregionaldigital.com.br\/index.php?rest_route=%2Fwp%2Fv2%2Fcomments&post=75196"}],"version-history":[{"count":0,"href":"https:\/\/diarioregionaldigital.com.br\/index.php?rest_route=\/wp\/v2\/posts\/75196\/revisions"}],"wp:featuredmedia":[{"embeddable":true,"href":"https:\/\/diarioregionaldigital.com.br\/index.php?rest_route=\/wp\/v2\/media\/75195"}],"wp:attachment":[{"href":"https:\/\/diarioregionaldigital.com.br\/index.php?rest_route=%2Fwp%2Fv2%2Fmedia&parent=75196"}],"wp:term":[{"taxonomy":"category","embeddable":true,"href":"https:\/\/diarioregionaldigital.com.br\/index.php?rest_route=%2Fwp%2Fv2%2Fcategories&post=75196"},{"taxonomy":"post_tag","embeddable":true,"href":"https:\/\/diarioregionaldigital.com.br\/index.php?rest_route=%2Fwp%2Fv2%2Ftags&post=75196"}],"curies":[{"name":"wp","href":"https:\/\/api.w.org\/{rel}","templated":true}]}}