{"id":75194,"date":"2017-06-08T23:40:20","date_gmt":"2017-06-09T02:40:20","guid":{"rendered":"http:\/\/diarioregionaljf.com.br\/2017\/06\/08\/conselho-decide-incluir-novas-areas-em-leiloes-de-petroleo-em-2018\/"},"modified":"2017-06-08T23:40:20","modified_gmt":"2017-06-09T02:40:20","slug":"conselho-decide-incluir-novas-areas-em-leiloes-de-petroleo-em-2018","status":"publish","type":"post","link":"https:\/\/diarioregionaldigital.com.br\/?p=75194","title":{"rendered":"Conselho decide incluir novas \u00e1reas em leil\u00f5es de petr\u00f3leo em 2018"},"content":{"rendered":"<p>O Conselho Nacional de Pol\u00edtica Energ\u00e9tica (CNPE) decidiu incluir novas \u00e1reas nas rodadas de licita\u00e7\u00e3o de blocos para petr\u00f3leo e g\u00e1s natural previstas para o ano que vem, com o objetivo de aumentar a competitividade das licita\u00e7\u00f5es. Foram inclu\u00eddos setores na Bacia de Sergipe-Alagoas e na Bacia de Pernambuco-Para\u00edba na 15\u00ba Rodada de Licita\u00e7\u00f5es de blocos explorat\u00f3rios sob o regime de concess\u00e3o, programada para maio de 2018.<br \/>Para 4\u00aa Rodada de Licita\u00e7\u00f5es de blocos sob o Regime de Partilha de Produ\u00e7\u00e3o, foi inclu\u00edda uma \u00e1rea ao sul do prospecto de Uirapuru. O CNPE tamb\u00e9m fez altera\u00e7\u00f5es em \u00e1reas da Bacia de Campos que seriam ofertadas na 15\u00aa e na 16\u00aa rodadas de Licita\u00e7\u00f5es.<\/p>\n<p>Na reuni\u00e3o, foram apresentadas as \u00e1reas nas quais a Petrobras manifestou o direito de prefer\u00eancia para atuar como operador com participa\u00e7\u00e3o m\u00ednima de 30% nos cons\u00f3rcios formados para explora\u00e7\u00e3o e produ\u00e7\u00e3o nas 2\u00aa e 3\u00aa Rodadas de Licita\u00e7\u00f5es de Partilha de Produ\u00e7\u00e3o. Dentre as \u00e1reas, est\u00e3o o Campo de Sapinho\u00e1, al\u00e9m das \u00e1reas dos prospectos de Peroba e Alto de Cabo Frio. As duas rodadas est\u00e3o agendadas para dia 27 de outubro, e a Uni\u00e3o espera arrecadar R$7,75 bilh\u00f5es a t\u00edtulo de b\u00f4nus de assinatura dos contratos, caso as oito \u00e1reas ofertadas sejam arrematadas.<\/p>\n<p>O encontro foi presidido pelo ministro de Minas e Energia, Fernando Coelho Filho, e contou com a presen\u00e7a do ministro da Agricultura, Blairo Maggi.<\/p>\n<h4>Biodiesel<\/h4>\n<p>O CNPE tamb\u00e9m debateu na reuni\u00e3o de hoje a possibilidade de antecipa\u00e7\u00e3o para mar\u00e7o de 2018 a obrigatoriedade de acr\u00e9scimo de 10% de biodiesel ao \u00f3leo diesel vendido ao consumidor final, o chamado B10. Atualmente, o percentual est\u00e1 em 8% (B8) e a previs\u00e3o inicial \u00e9 que seja elevado para 9% e 10%, respectivamente, a partir de 1\u00ba de mar\u00e7o de 2018 e 1\u00ba de mar\u00e7o de 2019.<\/p>\n<p>Na reuni\u00e3o de hoje foram aprovadas as diretrizes estrat\u00e9gicas para o Programa RenovaBio e institu\u00eddo um grupo de trabalho para elaborar propostas de revis\u00f5es normativas para implementa\u00e7\u00e3o do Programa, lan\u00e7ado para incentivo da expans\u00e3o e produ\u00e7\u00e3o de biocombust\u00edveis no Brasil. Foram tamb\u00e9m criados os Comit\u00eas de Monitoramento de Abastecimento de Etanol e de Biodiesel, para monitorar e avaliar sistematicamente o mercado desses biocombust\u00edveis.<\/p>\n<p>Fonte: Ag\u00eancia Brasil<\/p>\n","protected":false},"excerpt":{"rendered":"<p>O Conselho Nacional de Pol\u00edtica Energ\u00e9tica (CNPE) decidiu incluir novas \u00e1reas nas rodadas de licita\u00e7\u00e3o de blocos para petr\u00f3leo e g\u00e1s natural previstas para o ano que vem, com o objetivo de aumentar a competitividade das licita\u00e7\u00f5es. Foram inclu\u00eddos setores na Bacia de Sergipe-Alagoas e na Bacia de Pernambuco-Para\u00edba na 15\u00ba Rodada de Licita\u00e7\u00f5es de [&hellip;]<\/p>\n","protected":false},"author":96,"featured_media":0,"comment_status":"closed","ping_status":"closed","sticky":false,"template":"","format":"standard","meta":{"footnotes":""},"categories":[261],"tags":[],"class_list":["post-75194","post","type-post","status-publish","format-standard","hentry","category-economia"],"_links":{"self":[{"href":"https:\/\/diarioregionaldigital.com.br\/index.php?rest_route=\/wp\/v2\/posts\/75194","targetHints":{"allow":["GET"]}}],"collection":[{"href":"https:\/\/diarioregionaldigital.com.br\/index.php?rest_route=\/wp\/v2\/posts"}],"about":[{"href":"https:\/\/diarioregionaldigital.com.br\/index.php?rest_route=\/wp\/v2\/types\/post"}],"author":[{"embeddable":true,"href":"https:\/\/diarioregionaldigital.com.br\/index.php?rest_route=\/wp\/v2\/users\/96"}],"replies":[{"embeddable":true,"href":"https:\/\/diarioregionaldigital.com.br\/index.php?rest_route=%2Fwp%2Fv2%2Fcomments&post=75194"}],"version-history":[{"count":0,"href":"https:\/\/diarioregionaldigital.com.br\/index.php?rest_route=\/wp\/v2\/posts\/75194\/revisions"}],"wp:attachment":[{"href":"https:\/\/diarioregionaldigital.com.br\/index.php?rest_route=%2Fwp%2Fv2%2Fmedia&parent=75194"}],"wp:term":[{"taxonomy":"category","embeddable":true,"href":"https:\/\/diarioregionaldigital.com.br\/index.php?rest_route=%2Fwp%2Fv2%2Fcategories&post=75194"},{"taxonomy":"post_tag","embeddable":true,"href":"https:\/\/diarioregionaldigital.com.br\/index.php?rest_route=%2Fwp%2Fv2%2Ftags&post=75194"}],"curies":[{"name":"wp","href":"https:\/\/api.w.org\/{rel}","templated":true}]}}