{"id":75193,"date":"2017-06-08T23:37:56","date_gmt":"2017-06-09T02:37:56","guid":{"rendered":"http:\/\/diarioregionaljf.com.br\/2017\/06\/08\/juiz-de-fora-recebe-8-conferencia-municipal-de-saude\/"},"modified":"2017-06-08T23:37:56","modified_gmt":"2017-06-09T02:37:56","slug":"juiz-de-fora-recebe-8-conferencia-municipal-de-saude","status":"publish","type":"post","link":"https:\/\/diarioregionaldigital.com.br\/?p=75193","title":{"rendered":"Juiz de Fora recebe 8\u00aa Confer\u00eancia Municipal de Sa\u00fade"},"content":{"rendered":"<p>Teve in\u00edcio nessa quinta-feira, 8, a oitava Confer\u00eancia Municipal de Sa\u00fade. Neste ano, as discuss\u00f5es est\u00e3o voltadas para o tema \u201c25 Anos de Participa\u00e7\u00e3o Social no Sistema \u00danico de Sa\u00fade (SUS) em Juiz de Fora&#8221;. A expectativa \u00e9 que cerca de 500 pessoas compare\u00e7am no Ritz Plaza Hotel e participem dos quatro dias de evento, que se estendem at\u00e9 domingo, 11.<\/p>\n<p>Durante o primeiro dia foi abordado o tema \u201cDesafios Para a Integralidade com Equidade\u201d, e os participantes se reuniram para discutir assuntos relacionados ao desenvolvimento socioecon\u00f4mico e ambiental feminino, o trabalho e suas consequ\u00eancias na sa\u00fade, as pol\u00edticas p\u00fablicas e a participa\u00e7\u00e3o social da mulher, atividades que integraram a primeira Confer\u00eancia da Sa\u00fade da Mulher. Outro debate foi realizado na parte da tarde, na confer\u00eancia \u201cVigil\u00e2ncia em Sa\u00fade: Direito, Conquistas e Defesa de um SUS P\u00fablico de Qualidade\u201d, onde foram discutidos temas como a integralidade dos cuidados individuais e coletivos em toda rede de aten\u00e7\u00e3o \u00e0 sa\u00fade, o acesso e integra\u00e7\u00e3o das pr\u00e1ticas e processos de trabalho das vigil\u00e2ncias e monitoramento de vetores e agentes causadores de doen\u00e7as e agravos.<\/p>\n<p>Nesta sexta-feira, segundo dia de evento, ser\u00e3o promovidas as mesas de discuss\u00f5es da Confer\u00eancia, com 12 temas, entre eles \u201cSUS Legal e a Participa\u00e7\u00e3o da Comunidade\u201d, \u201cJudicializa\u00e7\u00e3o da Sa\u00fade\u201d, \u201cSa\u00fade da Mulher e do Homem\u201d, \u201cPol\u00edtica de Redu\u00e7\u00e3o de Danos\u201d.<\/p>\n<p>No s\u00e1bado, 10, acontecer\u00e3o os grupos de discuss\u00f5es dos temas apresentados, e, no domingo, 11, a plen\u00e1ria final, com a apresenta\u00e7\u00e3o das propostas e a vota\u00e7\u00e3o para a etapa estadual e nacional dos temas debatidos nas tr\u00eas confer\u00eancias, al\u00e9m da elei\u00e7\u00e3o de delegados para a fase estadual.<\/p>\n","protected":false},"excerpt":{"rendered":"<p>Teve in\u00edcio nessa quinta-feira, 8, a oitava Confer\u00eancia Municipal de Sa\u00fade. Neste ano, as discuss\u00f5es est\u00e3o voltadas para o tema \u201c25 Anos de Participa\u00e7\u00e3o Social no Sistema \u00danico de Sa\u00fade (SUS) em Juiz de Fora&#8221;. A expectativa \u00e9 que cerca de 500 pessoas compare\u00e7am no Ritz Plaza Hotel e participem dos quatro dias de evento, [&hellip;]<\/p>\n","protected":false},"author":96,"featured_media":0,"comment_status":"closed","ping_status":"closed","sticky":false,"template":"","format":"standard","meta":{"footnotes":""},"categories":[253],"tags":[],"class_list":["post-75193","post","type-post","status-publish","format-standard","hentry","category-cidade"],"_links":{"self":[{"href":"https:\/\/diarioregionaldigital.com.br\/index.php?rest_route=\/wp\/v2\/posts\/75193","targetHints":{"allow":["GET"]}}],"collection":[{"href":"https:\/\/diarioregionaldigital.com.br\/index.php?rest_route=\/wp\/v2\/posts"}],"about":[{"href":"https:\/\/diarioregionaldigital.com.br\/index.php?rest_route=\/wp\/v2\/types\/post"}],"author":[{"embeddable":true,"href":"https:\/\/diarioregionaldigital.com.br\/index.php?rest_route=\/wp\/v2\/users\/96"}],"replies":[{"embeddable":true,"href":"https:\/\/diarioregionaldigital.com.br\/index.php?rest_route=%2Fwp%2Fv2%2Fcomments&post=75193"}],"version-history":[{"count":0,"href":"https:\/\/diarioregionaldigital.com.br\/index.php?rest_route=\/wp\/v2\/posts\/75193\/revisions"}],"wp:attachment":[{"href":"https:\/\/diarioregionaldigital.com.br\/index.php?rest_route=%2Fwp%2Fv2%2Fmedia&parent=75193"}],"wp:term":[{"taxonomy":"category","embeddable":true,"href":"https:\/\/diarioregionaldigital.com.br\/index.php?rest_route=%2Fwp%2Fv2%2Fcategories&post=75193"},{"taxonomy":"post_tag","embeddable":true,"href":"https:\/\/diarioregionaldigital.com.br\/index.php?rest_route=%2Fwp%2Fv2%2Ftags&post=75193"}],"curies":[{"name":"wp","href":"https:\/\/api.w.org\/{rel}","templated":true}]}}