{"id":75186,"date":"2017-06-08T23:26:35","date_gmt":"2017-06-09T02:26:35","guid":{"rendered":"http:\/\/diarioregionaljf.com.br\/2017\/06\/08\/base-e-oposicao-fecham-acordo-para-votar-reforma-trabalhista-no-dia-28\/"},"modified":"2017-06-08T23:26:35","modified_gmt":"2017-06-09T02:26:35","slug":"base-e-oposicao-fecham-acordo-para-votar-reforma-trabalhista-no-dia-28","status":"publish","type":"post","link":"https:\/\/diarioregionaldigital.com.br\/?p=75186","title":{"rendered":"Base e oposi\u00e7\u00e3o fecham acordo para votar reforma trabalhista no dia 28"},"content":{"rendered":"<p>Um acordo entre os senadores da base governista e da oposi\u00e7\u00e3o permitiu nessa quinta-feira, 8, a defini\u00e7\u00e3o de um novo calend\u00e1rio para a vota\u00e7\u00e3o da reforma trabalhista na Casa. Havia a expectativa da leitura do relat\u00f3rio do senador Ricardo Ferra\u00e7o, na Comiss\u00e3o de Assuntos Sociais (CAS), mas a leitura foi marcada para a pr\u00f3xima ter\u00e7a-feira, 13.<\/p>\n<p>Ficou acertado ainda que ser\u00e1 concedido pedido de vista aos senadores, com a vota\u00e7\u00e3o na CAS no dia 21 de junho. Em seguida, o projeto segue para a Comiss\u00e3o de Constitui\u00e7\u00e3o, Justi\u00e7a e Cidadania (CCJ).<\/p>\n<p>O l\u00edder do governo, senador Romero Juc\u00e1 (PMDB-RR), dar\u00e1 seu parecer e levar\u00e1 \u00e0 vota\u00e7\u00e3o no dia 28 de junho. No mesmo dia, Juc\u00e1 acha que \u00e9 poss\u00edvel que a mat\u00e9ria seja apreciada no plen\u00e1rio do Senado.<\/p>\n<p>\u201cN\u00f3s ter\u00edamos o encerramento de vota\u00e7\u00f5es em comiss\u00f5es no dia 28, podendo, a\u00ed, essa mat\u00e9ria ir ao plen\u00e1rio no mesmo dia. Uma vez que a mat\u00e9ria estiver pronta o presidente pauta no dia que ele quiser\u201d, disse Juc\u00e1.<\/p>\n<p>Para a oposi\u00e7\u00e3o, o acordo foi positivo porque significar\u00e1 mais tempo para que o assunto seja debatido. O senador Paulo Paim (PT-RS) acredita que cada semana a mais em que o projeto ficar em discuss\u00e3o, permitir\u00e1 que a sociedade fa\u00e7a mais press\u00e3o no sentido contr\u00e1rio \u00e0 reforma.<\/p>\n<p>\u201cCom certeza foi uma vit\u00f3ria importante para n\u00f3s, porque a gente quer que a popula\u00e7\u00e3o conhe\u00e7a essa reforma. Durante esse per\u00edodo que teremos (oposi\u00e7\u00e3o) de, no m\u00ednimo, mais uma semana para ler e mais uma semana para votar, vai permitir que n\u00f3s fa\u00e7amos mais audi\u00eancias p\u00fablicas. N\u00e3o apenas aqui na Comiss\u00e3o de Assuntos Sociais, mas em outras, como a de Direitos Humanos\u201d, disse.<\/p>\n<p>Paulo Paim, no entanto, admite que a reforma ser\u00e1 votada ainda no primeiro semestre, conforme a previs\u00e3o do governo. Segundo ele, a oposi\u00e7\u00e3o pretende brigar at\u00e9 o fim contra o projeto, mas \u201co voto \u00e9 que vai apontar e decidir\u201d se a reforma ser\u00e1 aprovada e se a aprova\u00e7\u00e3o se dar\u00e1 sem altera\u00e7\u00f5es.<\/p>\n<p>Fonte: Ag\u00eancia Brasil<\/p>\n","protected":false},"excerpt":{"rendered":"<p>Um acordo entre os senadores da base governista e da oposi\u00e7\u00e3o permitiu nessa quinta-feira, 8, a defini\u00e7\u00e3o de um novo calend\u00e1rio para a vota\u00e7\u00e3o da reforma trabalhista na Casa. Havia a expectativa da leitura do relat\u00f3rio do senador Ricardo Ferra\u00e7o, na Comiss\u00e3o de Assuntos Sociais (CAS), mas a leitura foi marcada para a pr\u00f3xima ter\u00e7a-feira, [&hellip;]<\/p>\n","protected":false},"author":96,"featured_media":75185,"comment_status":"closed","ping_status":"closed","sticky":false,"template":"","format":"standard","meta":{"footnotes":""},"categories":[254],"tags":[],"class_list":["post-75186","post","type-post","status-publish","format-standard","has-post-thumbnail","hentry","category-politica"],"_links":{"self":[{"href":"https:\/\/diarioregionaldigital.com.br\/index.php?rest_route=\/wp\/v2\/posts\/75186","targetHints":{"allow":["GET"]}}],"collection":[{"href":"https:\/\/diarioregionaldigital.com.br\/index.php?rest_route=\/wp\/v2\/posts"}],"about":[{"href":"https:\/\/diarioregionaldigital.com.br\/index.php?rest_route=\/wp\/v2\/types\/post"}],"author":[{"embeddable":true,"href":"https:\/\/diarioregionaldigital.com.br\/index.php?rest_route=\/wp\/v2\/users\/96"}],"replies":[{"embeddable":true,"href":"https:\/\/diarioregionaldigital.com.br\/index.php?rest_route=%2Fwp%2Fv2%2Fcomments&post=75186"}],"version-history":[{"count":0,"href":"https:\/\/diarioregionaldigital.com.br\/index.php?rest_route=\/wp\/v2\/posts\/75186\/revisions"}],"wp:featuredmedia":[{"embeddable":true,"href":"https:\/\/diarioregionaldigital.com.br\/index.php?rest_route=\/wp\/v2\/media\/75185"}],"wp:attachment":[{"href":"https:\/\/diarioregionaldigital.com.br\/index.php?rest_route=%2Fwp%2Fv2%2Fmedia&parent=75186"}],"wp:term":[{"taxonomy":"category","embeddable":true,"href":"https:\/\/diarioregionaldigital.com.br\/index.php?rest_route=%2Fwp%2Fv2%2Fcategories&post=75186"},{"taxonomy":"post_tag","embeddable":true,"href":"https:\/\/diarioregionaldigital.com.br\/index.php?rest_route=%2Fwp%2Fv2%2Ftags&post=75186"}],"curies":[{"name":"wp","href":"https:\/\/api.w.org\/{rel}","templated":true}]}}