{"id":75167,"date":"2017-06-08T19:29:21","date_gmt":"2017-06-08T22:29:21","guid":{"rendered":"http:\/\/diarioregionaljf.com.br\/2017\/06\/08\/homem-que-mantinha-passaros-silvestres-engaiolados-e-preso-em-chacara\/"},"modified":"2017-06-08T19:29:21","modified_gmt":"2017-06-08T22:29:21","slug":"homem-que-mantinha-passaros-silvestres-engaiolados-e-preso-em-chacara","status":"publish","type":"post","link":"https:\/\/diarioregionaldigital.com.br\/?p=75167","title":{"rendered":"Homem que mantinha p\u00e1ssaros silvestres engaiolados \u00e9 preso em Ch\u00e1cara"},"content":{"rendered":"<p>Um homem de 52 anos foi preso por crime ambiental na tarde de quarta-feira, 7, do munic\u00edpio de Ch\u00e1cara. O grupo t\u00e1tico operacional da 4\u00aa Companhia de Meio Ambiente e Tr\u00e2nsito da Pol\u00edcia Militar (PM) , comandado pelo tenente J\u00falio C\u00e9sar de Almeida, foi ao local para apurar uma den\u00fancia de que o homem mantinha p\u00e1ssaros silvestres engaiolados. Na casa, os militares encontraram seis p\u00e1ssaros silvestres, 24 muni\u00e7\u00f5es, um rifle, uma espingarda e um carregador de muni\u00e7\u00f5es.<\/p>\n<p>Todo o material foi apreendido e encaminhado \u00e0 delegacia.<\/p>\n","protected":false},"excerpt":{"rendered":"<p>Um homem de 52 anos foi preso por crime ambiental na tarde de quarta-feira, 7, do munic\u00edpio de Ch\u00e1cara. O grupo t\u00e1tico operacional da 4\u00aa Companhia de Meio Ambiente e Tr\u00e2nsito da Pol\u00edcia Militar (PM) , comandado pelo tenente J\u00falio C\u00e9sar de Almeida, foi ao local para apurar uma den\u00fancia de que o homem mantinha [&hellip;]<\/p>\n","protected":false},"author":96,"featured_media":75166,"comment_status":"closed","ping_status":"closed","sticky":false,"template":"","format":"standard","meta":{"footnotes":""},"categories":[252],"tags":[],"class_list":["post-75167","post","type-post","status-publish","format-standard","has-post-thumbnail","hentry","category-regiao"],"_links":{"self":[{"href":"https:\/\/diarioregionaldigital.com.br\/index.php?rest_route=\/wp\/v2\/posts\/75167","targetHints":{"allow":["GET"]}}],"collection":[{"href":"https:\/\/diarioregionaldigital.com.br\/index.php?rest_route=\/wp\/v2\/posts"}],"about":[{"href":"https:\/\/diarioregionaldigital.com.br\/index.php?rest_route=\/wp\/v2\/types\/post"}],"author":[{"embeddable":true,"href":"https:\/\/diarioregionaldigital.com.br\/index.php?rest_route=\/wp\/v2\/users\/96"}],"replies":[{"embeddable":true,"href":"https:\/\/diarioregionaldigital.com.br\/index.php?rest_route=%2Fwp%2Fv2%2Fcomments&post=75167"}],"version-history":[{"count":0,"href":"https:\/\/diarioregionaldigital.com.br\/index.php?rest_route=\/wp\/v2\/posts\/75167\/revisions"}],"wp:featuredmedia":[{"embeddable":true,"href":"https:\/\/diarioregionaldigital.com.br\/index.php?rest_route=\/wp\/v2\/media\/75166"}],"wp:attachment":[{"href":"https:\/\/diarioregionaldigital.com.br\/index.php?rest_route=%2Fwp%2Fv2%2Fmedia&parent=75167"}],"wp:term":[{"taxonomy":"category","embeddable":true,"href":"https:\/\/diarioregionaldigital.com.br\/index.php?rest_route=%2Fwp%2Fv2%2Fcategories&post=75167"},{"taxonomy":"post_tag","embeddable":true,"href":"https:\/\/diarioregionaldigital.com.br\/index.php?rest_route=%2Fwp%2Fv2%2Ftags&post=75167"}],"curies":[{"name":"wp","href":"https:\/\/api.w.org\/{rel}","templated":true}]}}