{"id":75161,"date":"2017-06-08T18:44:40","date_gmt":"2017-06-08T21:44:40","guid":{"rendered":"http:\/\/diarioregionaljf.com.br\/2017\/06\/08\/maioria-dos-trabalhadores-usou-dinheiro-do-fgts-para-pagar-dividas\/"},"modified":"2017-06-08T18:44:40","modified_gmt":"2017-06-08T21:44:40","slug":"maioria-dos-trabalhadores-usou-dinheiro-do-fgts-para-pagar-dividas","status":"publish","type":"post","link":"https:\/\/diarioregionaldigital.com.br\/?p=75161","title":{"rendered":"Maioria dos trabalhadores usou dinheiro do FGTS para pagar d\u00edvidas"},"content":{"rendered":"<p>A maior parte dos trabalhadores que recebeu dinheiro das contas inativas do Fundo de Garantia do Tempo de Servi\u00e7o (FGTS) usou os valores para quitar d\u00edvidas, segundo pesquisa do Servi\u00e7o de Prote\u00e7\u00e3o ao Cr\u00e9dito (SPC Brasil) e da Confedera\u00e7\u00e3o Nacional de Dirigentes Lojistas (CNDL).<\/p>\n<p>O levantamento aponta que 38% pagaram d\u00edvidas em atraso e 4% usaram o dinheiro para pagar uma parte das pend\u00eancias. O dinheiro foi usado para despesas do dia a dia por 29% dos entrevistados. J\u00e1 19% optaram por poupar. Outra parcela &#8211; 14% &#8211; pagou contas n\u00e3o atrasadas, como credi\u00e1rio e presta\u00e7\u00f5es da casa ou do carro e 13% fizeram compras.<\/p>\n<p>A pesquisa, realizada em 12 capitais, tamb\u00e9m ouviu pessoas que ainda v\u00e3o sacar o benef\u00edcio, j\u00e1 que respondem por 86% do total de saques. Entre elas, 27% pretendem quitar pend\u00eancias e 28% v\u00e3o regularizar ao menos parte das d\u00edvidas.<\/p>\n<h4>DESPESAS<\/h4>\n<p>Pagamento de despesas do dia a dia ser\u00e1 o destino do dinheiro de 24% dos benefici\u00e1rios e 20% planejam poupar. Em menor percentual, apenas 4% v\u00e3o comprar itens como roupas e cal\u00e7ados. Entre os entrevistados, 3% utilizar\u00e3o o dinheiro extra para viajar e 2% querem aproveitar o recurso para compra de autom\u00f3vel.<\/p>\n<p>Para Hon\u00f3rio Pinheiro, presidente da CNDL, a op\u00e7\u00e3o dos brasileiros pelo pagamento de d\u00edvidas \u00e9 positiva para o com\u00e9rcio e para a economia do pa\u00eds, j\u00e1 que o crescimento da inadimpl\u00eancia com a crise prejudicou o planejamento do com\u00e9rcio e o acesso ao cr\u00e9dito.<\/p>\n<p>Fonte: Ag\u00eancia Brasil<\/p>\n","protected":false},"excerpt":{"rendered":"<p>A maior parte dos trabalhadores que recebeu dinheiro das contas inativas do Fundo de Garantia do Tempo de Servi\u00e7o (FGTS) usou os valores para quitar d\u00edvidas, segundo pesquisa do Servi\u00e7o de Prote\u00e7\u00e3o ao Cr\u00e9dito (SPC Brasil) e da Confedera\u00e7\u00e3o Nacional de Dirigentes Lojistas (CNDL). O levantamento aponta que 38% pagaram d\u00edvidas em atraso e 4% [&hellip;]<\/p>\n","protected":false},"author":96,"featured_media":75160,"comment_status":"closed","ping_status":"closed","sticky":false,"template":"","format":"standard","meta":{"footnotes":""},"categories":[261],"tags":[],"class_list":["post-75161","post","type-post","status-publish","format-standard","has-post-thumbnail","hentry","category-economia"],"_links":{"self":[{"href":"https:\/\/diarioregionaldigital.com.br\/index.php?rest_route=\/wp\/v2\/posts\/75161","targetHints":{"allow":["GET"]}}],"collection":[{"href":"https:\/\/diarioregionaldigital.com.br\/index.php?rest_route=\/wp\/v2\/posts"}],"about":[{"href":"https:\/\/diarioregionaldigital.com.br\/index.php?rest_route=\/wp\/v2\/types\/post"}],"author":[{"embeddable":true,"href":"https:\/\/diarioregionaldigital.com.br\/index.php?rest_route=\/wp\/v2\/users\/96"}],"replies":[{"embeddable":true,"href":"https:\/\/diarioregionaldigital.com.br\/index.php?rest_route=%2Fwp%2Fv2%2Fcomments&post=75161"}],"version-history":[{"count":0,"href":"https:\/\/diarioregionaldigital.com.br\/index.php?rest_route=\/wp\/v2\/posts\/75161\/revisions"}],"wp:featuredmedia":[{"embeddable":true,"href":"https:\/\/diarioregionaldigital.com.br\/index.php?rest_route=\/wp\/v2\/media\/75160"}],"wp:attachment":[{"href":"https:\/\/diarioregionaldigital.com.br\/index.php?rest_route=%2Fwp%2Fv2%2Fmedia&parent=75161"}],"wp:term":[{"taxonomy":"category","embeddable":true,"href":"https:\/\/diarioregionaldigital.com.br\/index.php?rest_route=%2Fwp%2Fv2%2Fcategories&post=75161"},{"taxonomy":"post_tag","embeddable":true,"href":"https:\/\/diarioregionaldigital.com.br\/index.php?rest_route=%2Fwp%2Fv2%2Ftags&post=75161"}],"curies":[{"name":"wp","href":"https:\/\/api.w.org\/{rel}","templated":true}]}}