{"id":75159,"date":"2017-06-08T18:21:02","date_gmt":"2017-06-08T21:21:02","guid":{"rendered":"http:\/\/diarioregionaljf.com.br\/2017\/06\/08\/museu-recebe-orquestra-e-exposicoes-no-dia-de-santo-antonio\/"},"modified":"2017-06-08T18:21:02","modified_gmt":"2017-06-08T21:21:02","slug":"museu-recebe-orquestra-e-exposicoes-no-dia-de-santo-antonio","status":"publish","type":"post","link":"https:\/\/diarioregionaldigital.com.br\/?p=75159","title":{"rendered":"Museu recebe orquestra e exposi\u00e7\u00f5es no Dia de Santo Ant\u00f4nio"},"content":{"rendered":"<p>O feriado de 13 de junho, Dia de Santo Ant\u00f4nio, padroeiro da cidade de Juiz de Fora, ser\u00e1 marcado por uma programa\u00e7\u00e3o especial no Museu Mariano Proc\u00f3pio. \u00c0s 11h, o jardim hist\u00f3rico receber\u00e1 a Sylvio Gomes Orquestra. Exposi\u00e7\u00f5es de artesanato e aquarelas inspirados no Museu complementam a programa\u00e7\u00e3o.<\/p>\n<p>A apresenta\u00e7\u00e3o da Orquestra faz parte do projeto \u201cCompositores Mineiros\u201d, aprovado pela Lei Murilo Mentes, que prop\u00f5e shows em homenagem a m\u00fasicos nascidos em Minas Gerais. Dire\u00e7\u00e3o, reg\u00eancia e arranjos s\u00e3o do maestro Sylvio Gomes, seu fundador. A escolha do Parque do Museu Mariano Proc\u00f3pio se deve \u00e0 facilidade de acesso da popula\u00e7\u00e3o e \u00e0 estrutura do local, que proporciona a contempla\u00e7\u00e3o da paisagem.<\/p>\n<p>O artista pl\u00e1stico Jama Almeida far\u00e1 uma exposi\u00e7\u00e3o de aquarelas, algumas retratando o Parque do Museu Mariano Proc\u00f3pio. Al\u00e9m do artista, o grupo de artes\u00e3s \u201cMem\u00f3rias JF\u201d estar\u00e1 presente com a exibi\u00e7\u00e3o de seus produtos inspirados no Museu. A cole\u00e7\u00e3o conta com artigos que fazem refer\u00eancia ao acervo e \u00e0 hist\u00f3ria da institui\u00e7\u00e3o, como cadernos, caixas, bijuterias, botons e quadros.<\/p>\n<p>Fonte: Assessoria<\/p>\n","protected":false},"excerpt":{"rendered":"<p>O feriado de 13 de junho, Dia de Santo Ant\u00f4nio, padroeiro da cidade de Juiz de Fora, ser\u00e1 marcado por uma programa\u00e7\u00e3o especial no Museu Mariano Proc\u00f3pio. \u00c0s 11h, o jardim hist\u00f3rico receber\u00e1 a Sylvio Gomes Orquestra. Exposi\u00e7\u00f5es de artesanato e aquarelas inspirados no Museu complementam a programa\u00e7\u00e3o. A apresenta\u00e7\u00e3o da Orquestra faz parte do [&hellip;]<\/p>\n","protected":false},"author":96,"featured_media":75158,"comment_status":"closed","ping_status":"closed","sticky":false,"template":"","format":"standard","meta":{"footnotes":""},"categories":[256],"tags":[],"class_list":["post-75159","post","type-post","status-publish","format-standard","has-post-thumbnail","hentry","category-cultura"],"_links":{"self":[{"href":"https:\/\/diarioregionaldigital.com.br\/index.php?rest_route=\/wp\/v2\/posts\/75159","targetHints":{"allow":["GET"]}}],"collection":[{"href":"https:\/\/diarioregionaldigital.com.br\/index.php?rest_route=\/wp\/v2\/posts"}],"about":[{"href":"https:\/\/diarioregionaldigital.com.br\/index.php?rest_route=\/wp\/v2\/types\/post"}],"author":[{"embeddable":true,"href":"https:\/\/diarioregionaldigital.com.br\/index.php?rest_route=\/wp\/v2\/users\/96"}],"replies":[{"embeddable":true,"href":"https:\/\/diarioregionaldigital.com.br\/index.php?rest_route=%2Fwp%2Fv2%2Fcomments&post=75159"}],"version-history":[{"count":0,"href":"https:\/\/diarioregionaldigital.com.br\/index.php?rest_route=\/wp\/v2\/posts\/75159\/revisions"}],"wp:featuredmedia":[{"embeddable":true,"href":"https:\/\/diarioregionaldigital.com.br\/index.php?rest_route=\/wp\/v2\/media\/75158"}],"wp:attachment":[{"href":"https:\/\/diarioregionaldigital.com.br\/index.php?rest_route=%2Fwp%2Fv2%2Fmedia&parent=75159"}],"wp:term":[{"taxonomy":"category","embeddable":true,"href":"https:\/\/diarioregionaldigital.com.br\/index.php?rest_route=%2Fwp%2Fv2%2Fcategories&post=75159"},{"taxonomy":"post_tag","embeddable":true,"href":"https:\/\/diarioregionaldigital.com.br\/index.php?rest_route=%2Fwp%2Fv2%2Ftags&post=75159"}],"curies":[{"name":"wp","href":"https:\/\/api.w.org\/{rel}","templated":true}]}}