{"id":75157,"date":"2017-06-08T17:56:14","date_gmt":"2017-06-08T20:56:14","guid":{"rendered":"http:\/\/diarioregionaljf.com.br\/2017\/06\/08\/inscricoes-para-o-prouni-do-segundo-semestre-terminam-amanha\/"},"modified":"2017-06-08T17:56:14","modified_gmt":"2017-06-08T20:56:14","slug":"inscricoes-para-o-prouni-do-segundo-semestre-terminam-amanha","status":"publish","type":"post","link":"https:\/\/diarioregionaldigital.com.br\/?p=75157","title":{"rendered":"Inscri\u00e7\u00f5es para o ProUni do segundo semestre terminam amanh\u00e3"},"content":{"rendered":"<p>As inscri\u00e7\u00f5es para o Programa Universidade para Todos (ProUni) do segundo semestre de 2017 terminam nesta sexta-feira, 9. Os estudantes interessados poder\u00e3o consultar as bolsas oferecidas e se inscrever na <a href=\"http:\/\/prouniportal.mec.gov.br\/\">p\u00e1gina do ProUni<\/a> na internet. O Minist\u00e9rio da Educa\u00e7\u00e3o (MEC) informou que ser\u00e3o ofertadas 147.492 bolsas em 1.076 institui\u00e7\u00f5es privadas de educa\u00e7\u00e3o superior, um aumento de 17% em rela\u00e7\u00e3o \u00e0 segunda edi\u00e7\u00e3o do programa do ano passado. Do total de bolsas, 67.603 s\u00e3o integrais e 79.889, parciais.<\/p>\n<p>O ProUni \u00e9 voltado para estudantes da rede p\u00fablica ou bolsistas integrais de escolas particulares. Tamb\u00e9m est\u00e3o inclu\u00eddas as pessoas com defici\u00eancia e professores da educa\u00e7\u00e3o b\u00e1sica em escolas p\u00fablicas que comp\u00f5em o quadro de pessoal permanente da institui\u00e7\u00e3o. S\u00f3 poder\u00e3o participar do processo seletivo os candidatos brasileiros que n\u00e3o tenham diploma de curso superior e que tenha feito o Exame Nacional do Ensino M\u00e9dio (Enem) de 2016. \u00c9 preciso ter obtido no m\u00ednimo 450 pontos na m\u00e9dia das notas do Enem e n\u00e3o ter tirado zero na reda\u00e7\u00e3o.<\/p>\n<p>O estudante pode concorrer a uma bolsa integral se sua renda familiar bruta mensal per capita n\u00e3o exceder a 1,5 sal\u00e1rio-m\u00ednimo. No caso da bolsa parcial, a renda familiar por pessoa n\u00e3o pode ser maior que tr\u00eas sal\u00e1rios-m\u00ednimos. O ProUni possui ainda a\u00e7\u00f5es conjuntas com o Fundo de Financiamento Estudantil (Fies), que permite ao bolsista parcial financiar a parte da mensalidade n\u00e3o coberta.<\/p>\n<p>At\u00e9 as 11h de ter\u00e7a-feira, 6, dia que as inscri\u00e7\u00f5es foram abertas, o sistema j\u00e1 havia registrado 71.942 inscritos. O estudante pode selecionar at\u00e9 duas op\u00e7\u00f5es de curso.<\/p>\n<h4>Cronograma<\/h4>\n<p>O processo seletivo ser\u00e1 constitu\u00eddo de duas chamadas sucessivas, a primeira chamada ser\u00e1 feita em 12 de junho e a segunda prevista para o dia 26 de junho. O candidato selecionado dever\u00e1 comparecer \u00e0 respectiva institui\u00e7\u00e3o de educa\u00e7\u00e3o superior para a comprova\u00e7\u00e3o das informa\u00e7\u00f5es prestadas e a eventual participa\u00e7\u00e3o em processo seletivo pr\u00f3prio, quando for o caso, no per\u00edodo de 12 a 19 de junho, na primeira chamada; de 26 a 30 de junho, na segunda chamada.<\/p>\n<p>Para participar da lista de espera, o estudante dever\u00e1 manifestar seu interesse na p\u00e1gina do programa, entre 7 e 10 de julho. A lista estar\u00e1 dispon\u00edvel no sistema, para consulta pelas institui\u00e7\u00f5es de educa\u00e7\u00e3o superior, no dia 13 de julho. Neste caso, o candidato dever\u00e1 comparecer \u00e0 institui\u00e7\u00e3o e entregar a documenta\u00e7\u00e3o no per\u00edodo de 17 a 18 de julho.<\/p>\n<p>Fonte: Ag\u00eancia Brasil<\/p>\n","protected":false},"excerpt":{"rendered":"<p>As inscri\u00e7\u00f5es para o Programa Universidade para Todos (ProUni) do segundo semestre de 2017 terminam nesta sexta-feira, 9. Os estudantes interessados poder\u00e3o consultar as bolsas oferecidas e se inscrever na p\u00e1gina do ProUni na internet. O Minist\u00e9rio da Educa\u00e7\u00e3o (MEC) informou que ser\u00e3o ofertadas 147.492 bolsas em 1.076 institui\u00e7\u00f5es privadas de educa\u00e7\u00e3o superior, um aumento [&hellip;]<\/p>\n","protected":false},"author":96,"featured_media":75156,"comment_status":"closed","ping_status":"closed","sticky":false,"template":"","format":"standard","meta":{"footnotes":""},"categories":[252],"tags":[],"class_list":["post-75157","post","type-post","status-publish","format-standard","has-post-thumbnail","hentry","category-regiao"],"_links":{"self":[{"href":"https:\/\/diarioregionaldigital.com.br\/index.php?rest_route=\/wp\/v2\/posts\/75157","targetHints":{"allow":["GET"]}}],"collection":[{"href":"https:\/\/diarioregionaldigital.com.br\/index.php?rest_route=\/wp\/v2\/posts"}],"about":[{"href":"https:\/\/diarioregionaldigital.com.br\/index.php?rest_route=\/wp\/v2\/types\/post"}],"author":[{"embeddable":true,"href":"https:\/\/diarioregionaldigital.com.br\/index.php?rest_route=\/wp\/v2\/users\/96"}],"replies":[{"embeddable":true,"href":"https:\/\/diarioregionaldigital.com.br\/index.php?rest_route=%2Fwp%2Fv2%2Fcomments&post=75157"}],"version-history":[{"count":0,"href":"https:\/\/diarioregionaldigital.com.br\/index.php?rest_route=\/wp\/v2\/posts\/75157\/revisions"}],"wp:featuredmedia":[{"embeddable":true,"href":"https:\/\/diarioregionaldigital.com.br\/index.php?rest_route=\/wp\/v2\/media\/75156"}],"wp:attachment":[{"href":"https:\/\/diarioregionaldigital.com.br\/index.php?rest_route=%2Fwp%2Fv2%2Fmedia&parent=75157"}],"wp:term":[{"taxonomy":"category","embeddable":true,"href":"https:\/\/diarioregionaldigital.com.br\/index.php?rest_route=%2Fwp%2Fv2%2Fcategories&post=75157"},{"taxonomy":"post_tag","embeddable":true,"href":"https:\/\/diarioregionaldigital.com.br\/index.php?rest_route=%2Fwp%2Fv2%2Ftags&post=75157"}],"curies":[{"name":"wp","href":"https:\/\/api.w.org\/{rel}","templated":true}]}}