{"id":75153,"date":"2017-06-08T01:47:31","date_gmt":"2017-06-08T04:47:31","guid":{"rendered":"http:\/\/diarioregionaljf.com.br\/2017\/06\/08\/policia-apresenta-suspeito-de-matar-vigia-em-condominio-na-zona-norte\/"},"modified":"2017-06-08T01:47:31","modified_gmt":"2017-06-08T04:47:31","slug":"policia-apresenta-suspeito-de-matar-vigia-em-condominio-na-zona-norte","status":"publish","type":"post","link":"https:\/\/diarioregionaldigital.com.br\/?p=75153","title":{"rendered":"Pol\u00edcia apresenta suspeito de matar vigia em condom\u00ednio na Zona Norte"},"content":{"rendered":"<p>A Pol\u00edcia Civil, por meio da Delegacia Especializada de Repress\u00e3o a Roubos (DERR) apresentou um jovem de 21 anos, autor dos disparos que levaram \u00e0 morte um vigilante de 50 anos, no dia 18 de maio, em uma resid\u00eancia localizada no condom\u00ednio habitacional Novo Triunfo II, na Zona Norte. \u201cUm outro vigilante, de 30 anos, que ficou vivo na data do fato, realizou o reconhecimento na delegacia e identificou o suspeito\u201d, explicou o delegado Rog\u00e9rio Couto de Magalh\u00e3es Woyame, que est\u00e1 respondendo interinamente pela DERR. O homem retratado pela pol\u00edcia tem passagens por porte ilegal de armas tr\u00e1fico de drogas, roubos, entre outras ocorr\u00eancias.<\/p>\n<p>O crime teria ocorrido por voltas das 19 horas. A v\u00edtima foi executada friamente com um tiro na cabe\u00e7a, enquanto um outro vigilante, que estava presente no local, foi alvejado na perna. Ainda, conforme as informa\u00e7\u00f5es do delegado, o homem, suposta segunda v\u00edtima, tamb\u00e9m est\u00e1 preso desde sexta-feira, 2, e \u00e9 investigado por participa\u00e7\u00e3o no crime. \u201cDurante o depoimento, percebemos diversas contradi\u00e7\u00f5es na vers\u00e3o dele e isso levantou suspeitas, principalmente, por ele n\u00e3o ter pedido socorro em um com\u00e9rcio pr\u00f3ximo, por n\u00e3o ter ligado para os bombeiros ou a pol\u00edcia e at\u00e9 mesmo, quando ele fala que notou que a v\u00edtima estava morta, mas n\u00e3o colocou a m\u00e3o no corpo dela para checar. Tudo isso nos leva a crer que houve uma combina\u00e7\u00e3o para roubar a arma e o colete do seguran\u00e7a\u201d, acrescentou o delegado.<\/p>\n<p>Woyame ratificou, tamb\u00e9m, que as diligencias continuam. \u201cEstamos procurando ouvir pessoas do local. Algumas vers\u00f5es que j\u00e1 ouvimos dos populares, refor\u00e7am a participa\u00e7\u00e3o do vigilante\u201d, finalizou.<\/p>\n","protected":false},"excerpt":{"rendered":"<p>A Pol\u00edcia Civil, por meio da Delegacia Especializada de Repress\u00e3o a Roubos (DERR) apresentou um jovem de 21 anos, autor dos disparos que levaram \u00e0 morte um vigilante de 50 anos, no dia 18 de maio, em uma resid\u00eancia localizada no condom\u00ednio habitacional Novo Triunfo II, na Zona Norte. \u201cUm outro vigilante, de 30 anos, [&hellip;]<\/p>\n","protected":false},"author":96,"featured_media":75152,"comment_status":"closed","ping_status":"closed","sticky":false,"template":"","format":"standard","meta":{"footnotes":""},"categories":[253],"tags":[],"class_list":["post-75153","post","type-post","status-publish","format-standard","has-post-thumbnail","hentry","category-cidade"],"_links":{"self":[{"href":"https:\/\/diarioregionaldigital.com.br\/index.php?rest_route=\/wp\/v2\/posts\/75153","targetHints":{"allow":["GET"]}}],"collection":[{"href":"https:\/\/diarioregionaldigital.com.br\/index.php?rest_route=\/wp\/v2\/posts"}],"about":[{"href":"https:\/\/diarioregionaldigital.com.br\/index.php?rest_route=\/wp\/v2\/types\/post"}],"author":[{"embeddable":true,"href":"https:\/\/diarioregionaldigital.com.br\/index.php?rest_route=\/wp\/v2\/users\/96"}],"replies":[{"embeddable":true,"href":"https:\/\/diarioregionaldigital.com.br\/index.php?rest_route=%2Fwp%2Fv2%2Fcomments&post=75153"}],"version-history":[{"count":0,"href":"https:\/\/diarioregionaldigital.com.br\/index.php?rest_route=\/wp\/v2\/posts\/75153\/revisions"}],"wp:featuredmedia":[{"embeddable":true,"href":"https:\/\/diarioregionaldigital.com.br\/index.php?rest_route=\/wp\/v2\/media\/75152"}],"wp:attachment":[{"href":"https:\/\/diarioregionaldigital.com.br\/index.php?rest_route=%2Fwp%2Fv2%2Fmedia&parent=75153"}],"wp:term":[{"taxonomy":"category","embeddable":true,"href":"https:\/\/diarioregionaldigital.com.br\/index.php?rest_route=%2Fwp%2Fv2%2Fcategories&post=75153"},{"taxonomy":"post_tag","embeddable":true,"href":"https:\/\/diarioregionaldigital.com.br\/index.php?rest_route=%2Fwp%2Fv2%2Ftags&post=75153"}],"curies":[{"name":"wp","href":"https:\/\/api.w.org\/{rel}","templated":true}]}}