{"id":75149,"date":"2017-06-08T01:11:22","date_gmt":"2017-06-08T04:11:22","guid":{"rendered":"http:\/\/diarioregionaljf.com.br\/2017\/06\/08\/tite-define-selecao-com-weverton-e-thiago-silva\/"},"modified":"2017-06-08T01:11:22","modified_gmt":"2017-06-08T04:11:22","slug":"tite-define-selecao-com-weverton-e-thiago-silva","status":"publish","type":"post","link":"https:\/\/diarioregionaldigital.com.br\/?p=75149","title":{"rendered":"TITE DEFINE SELE\u00c7\u00c3O COM WEVERTON E THIAGO SILVA"},"content":{"rendered":"<p>O t\u00e9cnico Tite j\u00e1 tem definida a sele\u00e7\u00e3o brasileira para o amistoso com a Argentina, nesta sexta-feira, em Melbourne. Ele decidiu dar mais uma oportunidade como titular ao goleiro Weverton e aproveitar o zagueiro Thiago Silva desde o in\u00edcio.<\/p>\n<p>O time que vai come\u00e7ar a partida ter\u00e1 Weverton; Fagner, Thiago Silva, Gil e Filipe Lu\u00eds; Fernandinho; Paulinho, Renato Augusto, Philippe Coutinho e Willian; Gabriel Jesus.<\/p>\n<p>Apesar dos v\u00e1rios desfalques \u2013 alguns titulares n\u00e3o foram convocados para a partida contra os argentinos e tamb\u00e9m a do dia 13 contra a Austr\u00e1lia para que possam descansar \u2013, Tite manteve v\u00e1rias pe\u00e7as-chave na equipe. S\u00e3o os casos dos meio-campistas Paulinho, Renato Augusto e Phillipe Coutinho, al\u00e9m do atacante Gabriel Jesus. O ex-palmeirense est\u00e1 retornando \u00e0 sele\u00e7\u00e3o. Ele n\u00e3o participou das duas partidas das eliminat\u00f3rias disputadas em mar\u00e7o, porque estava contundido.<\/p>\n<p>Tite tem nos amistosos de Melbourne a oportunidade de testar alguns jogadores que tem chamado regularmente, mas que vem atuando pouco. Os dois laterais escalados contra a Argentina, Fagner e Filipe Lu\u00eds est\u00e3o nessa situa\u00e7\u00e3o, bem como o zagueiro Gil e at\u00e9 o volante Fernandinho.<\/p>\n","protected":false},"excerpt":{"rendered":"<p>O t\u00e9cnico Tite j\u00e1 tem definida a sele\u00e7\u00e3o brasileira para o amistoso com a Argentina, nesta sexta-feira, em Melbourne. Ele decidiu dar mais uma oportunidade como titular ao goleiro Weverton e aproveitar o zagueiro Thiago Silva desde o in\u00edcio. O time que vai come\u00e7ar a partida ter\u00e1 Weverton; Fagner, Thiago Silva, Gil e Filipe Lu\u00eds; [&hellip;]<\/p>\n","protected":false},"author":96,"featured_media":0,"comment_status":"closed","ping_status":"closed","sticky":false,"template":"","format":"standard","meta":{"footnotes":""},"categories":[257],"tags":[],"class_list":["post-75149","post","type-post","status-publish","format-standard","hentry","category-esporte"],"_links":{"self":[{"href":"https:\/\/diarioregionaldigital.com.br\/index.php?rest_route=\/wp\/v2\/posts\/75149","targetHints":{"allow":["GET"]}}],"collection":[{"href":"https:\/\/diarioregionaldigital.com.br\/index.php?rest_route=\/wp\/v2\/posts"}],"about":[{"href":"https:\/\/diarioregionaldigital.com.br\/index.php?rest_route=\/wp\/v2\/types\/post"}],"author":[{"embeddable":true,"href":"https:\/\/diarioregionaldigital.com.br\/index.php?rest_route=\/wp\/v2\/users\/96"}],"replies":[{"embeddable":true,"href":"https:\/\/diarioregionaldigital.com.br\/index.php?rest_route=%2Fwp%2Fv2%2Fcomments&post=75149"}],"version-history":[{"count":0,"href":"https:\/\/diarioregionaldigital.com.br\/index.php?rest_route=\/wp\/v2\/posts\/75149\/revisions"}],"wp:attachment":[{"href":"https:\/\/diarioregionaldigital.com.br\/index.php?rest_route=%2Fwp%2Fv2%2Fmedia&parent=75149"}],"wp:term":[{"taxonomy":"category","embeddable":true,"href":"https:\/\/diarioregionaldigital.com.br\/index.php?rest_route=%2Fwp%2Fv2%2Fcategories&post=75149"},{"taxonomy":"post_tag","embeddable":true,"href":"https:\/\/diarioregionaldigital.com.br\/index.php?rest_route=%2Fwp%2Fv2%2Ftags&post=75149"}],"curies":[{"name":"wp","href":"https:\/\/api.w.org\/{rel}","templated":true}]}}