{"id":75148,"date":"2017-06-08T01:10:26","date_gmt":"2017-06-08T04:10:26","guid":{"rendered":"http:\/\/diarioregionaljf.com.br\/2017\/06\/08\/estadio-do-macae-segue-sem-laudos\/"},"modified":"2017-06-08T01:10:26","modified_gmt":"2017-06-08T04:10:26","slug":"estadio-do-macae-segue-sem-laudos","status":"publish","type":"post","link":"https:\/\/diarioregionaldigital.com.br\/?p=75148","title":{"rendered":"EST\u00c1DIO DO MACA\u00c9 SEGUE SEM LAUDOS"},"content":{"rendered":"<p>N\u00e3o \u00e9 apenas dentro de campo que a situa\u00e7\u00e3o do Maca\u00e9 anda complicada. Fora dele, ali\u00e1s, est\u00e1 bem pior. Com o Campeonato Brasileiro da S\u00e9rie C chegando na quinta rodada, o clube ainda n\u00e3o conseguiu junto \u00e0 prefeitura os laudos de seguran\u00e7a do est\u00e1dio Cl\u00e1udio Moacyr de Azevedo e deve receber o Tupi, neste s\u00e1bado, \u00e0s 15h, com port\u00f5es fechados.<\/p>\n<p>Na \u00faltima quinta-feira, a CBF (Confedera\u00e7\u00e3o Brasileira de Futebol), soltou uma nota informando que est\u00e1dios sem os devidos laudos n\u00e3o podem receber torcedores.<\/p>\n<p>N\u00e3o \u00e9 a primeira vez que o Maca\u00e9 sofre por problemas em seu est\u00e1dio. Na segunda rodada da S\u00e9rie C, contra o Bragantino, o time alvianil mandou a partida em Saquarema, justamente por n\u00e3o encontrar tempo h\u00e1bil para reformas na sua casa.<\/p>\n<p>Na ocasi\u00e3o, o presidente do clube, Mirinho, afirmou que todos os esfor\u00e7os seriam para que os laudos fossem obtidos antes do jogo contra o Tupi.<\/p>\n","protected":false},"excerpt":{"rendered":"<p>N\u00e3o \u00e9 apenas dentro de campo que a situa\u00e7\u00e3o do Maca\u00e9 anda complicada. Fora dele, ali\u00e1s, est\u00e1 bem pior. Com o Campeonato Brasileiro da S\u00e9rie C chegando na quinta rodada, o clube ainda n\u00e3o conseguiu junto \u00e0 prefeitura os laudos de seguran\u00e7a do est\u00e1dio Cl\u00e1udio Moacyr de Azevedo e deve receber o Tupi, neste s\u00e1bado, [&hellip;]<\/p>\n","protected":false},"author":96,"featured_media":0,"comment_status":"closed","ping_status":"closed","sticky":false,"template":"","format":"standard","meta":{"footnotes":""},"categories":[257],"tags":[],"class_list":["post-75148","post","type-post","status-publish","format-standard","hentry","category-esporte"],"_links":{"self":[{"href":"https:\/\/diarioregionaldigital.com.br\/index.php?rest_route=\/wp\/v2\/posts\/75148","targetHints":{"allow":["GET"]}}],"collection":[{"href":"https:\/\/diarioregionaldigital.com.br\/index.php?rest_route=\/wp\/v2\/posts"}],"about":[{"href":"https:\/\/diarioregionaldigital.com.br\/index.php?rest_route=\/wp\/v2\/types\/post"}],"author":[{"embeddable":true,"href":"https:\/\/diarioregionaldigital.com.br\/index.php?rest_route=\/wp\/v2\/users\/96"}],"replies":[{"embeddable":true,"href":"https:\/\/diarioregionaldigital.com.br\/index.php?rest_route=%2Fwp%2Fv2%2Fcomments&post=75148"}],"version-history":[{"count":0,"href":"https:\/\/diarioregionaldigital.com.br\/index.php?rest_route=\/wp\/v2\/posts\/75148\/revisions"}],"wp:attachment":[{"href":"https:\/\/diarioregionaldigital.com.br\/index.php?rest_route=%2Fwp%2Fv2%2Fmedia&parent=75148"}],"wp:term":[{"taxonomy":"category","embeddable":true,"href":"https:\/\/diarioregionaldigital.com.br\/index.php?rest_route=%2Fwp%2Fv2%2Fcategories&post=75148"},{"taxonomy":"post_tag","embeddable":true,"href":"https:\/\/diarioregionaldigital.com.br\/index.php?rest_route=%2Fwp%2Fv2%2Ftags&post=75148"}],"curies":[{"name":"wp","href":"https:\/\/api.w.org\/{rel}","templated":true}]}}