{"id":75138,"date":"2017-06-08T00:31:55","date_gmt":"2017-06-08T03:31:55","guid":{"rendered":"http:\/\/diarioregionaljf.com.br\/2017\/06\/08\/prefeitura-de-cataguases-inicia-reformas-de-policlinica-municipal\/"},"modified":"2017-06-08T00:31:55","modified_gmt":"2017-06-08T03:31:55","slug":"prefeitura-de-cataguases-inicia-reformas-de-policlinica-municipal","status":"publish","type":"post","link":"https:\/\/diarioregionaldigital.com.br\/?p=75138","title":{"rendered":"Prefeitura de Cataguases inicia reformas de Policl\u00ednica Municipal"},"content":{"rendered":"<p>A Prefeitura de Cataguases lan\u00e7ou na tarde de segunda-feira, 5, o in\u00edcio da reforma da Policl\u00ednica Municipal Dr. Jos\u00e9 J\u00faber Ribeiro, que foi desativada no final da gest\u00e3o passada por causa de v\u00e1rios problemas estruturais no pr\u00e9dio. O Prefeito Willian Lobo visitou o local, acompanhado do Secretario Municipal de Sa\u00fade, Eliermes Teixeira, do Secret\u00e1rio Municipal de Obras, Valber Lacerda, do vice-Prefeito Tita Lima, do seu Chefe de Gabinete, Jo\u00e3o Paulo Vargas, e vereadores de sua base na C\u00e2mara Municipal, para anunciar o come\u00e7o das obras e verificar novamente os v\u00e1rios problemas que impedem o funcionamento do pr\u00e9dio, como piso quebrado, paredes infiltradas, portas estragadas, entre outros.<\/p>\n<p>Na oportunidade, ele agradeceu a C\u00e2mara Municipal por viabilizar a obra, uma vez que o legislativo devolveu nos tr\u00eas primeiros meses do ano as sobras da verba que \u00e9 destinada mensalmente para aquela Casa, permitindo que o munic\u00edpio reunisse o valor necess\u00e1rio para a reforma. &#8220;Sabemos que n\u00e3o podemos atrelar os recursos devolvidos pela C\u00e2mara a nenhuma despesa, mas a iniciativa do Legislativo reflete a transpar\u00eancia de seus trabalhos e nosso compromisso em favor da popula\u00e7\u00e3o de Cataguases, pois a sa\u00fade \u00e9 uma de nossas maiores prioridades&#8221;, disse o Prefeito.<\/p>\n<p>O Presidente da C\u00e2mara, vereador Michelangelo Correa tamb\u00e9m se mostrou muito feliz por representar aquela Casa e ver sua gest\u00e3o que, segundo ele, prima pela efici\u00eancia e economia, permitir que estas devolu\u00e7\u00f5es fossem feitas para uma causa nobre. &#8220;Vamos continuar com esta pol\u00edtica de devolver aos cofres do munic\u00edpio valores para serem investidos em obras que beneficiem diretamente a nossa popula\u00e7\u00e3o. Trabalhando juntos vamos tornar nossa cidade cada dia melhor e os cataguasenses \u00e9 quem ganham com isto&#8221;, afirmou.<\/p>\n<p>A reforma da Policl\u00ednica, na pr\u00e1tica, come\u00e7a na segunda-feira, dia 12 de junho. No momento, segundo Marcos Vargas, diretor da empresa licitada para a obra, a Construtora Prima Casa, de Ipatinga, est\u00e1 sendo montado o canteiro de obra e realizado um levantamento mais detalhado dos problemas estruturais do pr\u00e9dio. Segundo ele, a obra foi or\u00e7ada em R$ 136.545,81 e compreende a reforma geral, com a substitui\u00e7\u00e3o das calhas do telhado &#8211; com instala\u00e7\u00e3o de extravasores, para auxiliar na drenagem da \u00e1gua em per\u00edodos chuvosos -, troca de portas danificadas, esquadrias, torneiras e revestimentos do piso, al\u00e9m de coloca\u00e7\u00e3o de azulejos em locais onde a legisla\u00e7\u00e3o sanit\u00e1ria exige, al\u00e9m da substitui\u00e7\u00e3o de paredes quebradas, e pintura geral. &#8220;A Policl\u00ednica vai ficar em condi\u00e7\u00f5es de uso, com apar\u00eancia de nova e com interven\u00e7\u00f5es que v\u00e3o evitar futuros problemas&#8221;, explicou Marcos Vargas (\u00e0 direita na foto abaixo), acompanhado de outros dois diretores da empresa, V\u00edtor Moura e Jorge Monteiro.<\/p>\n<p>Segundo ele, a reforma deve durar de 90 a 120 dias, e toda a m\u00e3o de obra ser\u00e1 contratada em Cataguases. &#8220;O nosso efetivo \u00e9 de dezesseis oper\u00e1rios, com possibilidade de aumentar ao longo da obra, todos eles contratados aqui mesmo na cidade, gerando tamb\u00e9m emprego e renda para a popula\u00e7\u00e3o de Cataguases&#8221;, destacou. Ele tamb\u00e9m explicou que a obra j\u00e1 havia sido or\u00e7ada anteriormente, na gest\u00e3o passada, por um valor menor, de cerca de R$86 mil. &#8220;Mas esta n\u00e3o seria uma reforma geral, como agora, e sim uma obra com algumas interven\u00e7\u00f5es de emerg\u00eancia em \u00e1reas pontuais mais cr\u00edticas. Na \u00e9poca, inclusive, o pr\u00e9dio estava em funcionamento&#8221;, explicou. Ele tamb\u00e9m ressaltou que a Construtora Prima Casa j\u00e1 realizou v\u00e1rias obras no munic\u00edpio, em unidades b\u00e1sicas de sa\u00fade e outros pr\u00e9dios p\u00fablicos.<\/p>\n<p>Colabora\u00e7\u00e3o: Marcelo Lopes<\/p>\n","protected":false},"excerpt":{"rendered":"<p>A Prefeitura de Cataguases lan\u00e7ou na tarde de segunda-feira, 5, o in\u00edcio da reforma da Policl\u00ednica Municipal Dr. Jos\u00e9 J\u00faber Ribeiro, que foi desativada no final da gest\u00e3o passada por causa de v\u00e1rios problemas estruturais no pr\u00e9dio. O Prefeito Willian Lobo visitou o local, acompanhado do Secretario Municipal de Sa\u00fade, Eliermes Teixeira, do Secret\u00e1rio Municipal [&hellip;]<\/p>\n","protected":false},"author":96,"featured_media":75137,"comment_status":"closed","ping_status":"closed","sticky":false,"template":"","format":"standard","meta":{"footnotes":""},"categories":[252],"tags":[],"class_list":["post-75138","post","type-post","status-publish","format-standard","has-post-thumbnail","hentry","category-regiao"],"_links":{"self":[{"href":"https:\/\/diarioregionaldigital.com.br\/index.php?rest_route=\/wp\/v2\/posts\/75138","targetHints":{"allow":["GET"]}}],"collection":[{"href":"https:\/\/diarioregionaldigital.com.br\/index.php?rest_route=\/wp\/v2\/posts"}],"about":[{"href":"https:\/\/diarioregionaldigital.com.br\/index.php?rest_route=\/wp\/v2\/types\/post"}],"author":[{"embeddable":true,"href":"https:\/\/diarioregionaldigital.com.br\/index.php?rest_route=\/wp\/v2\/users\/96"}],"replies":[{"embeddable":true,"href":"https:\/\/diarioregionaldigital.com.br\/index.php?rest_route=%2Fwp%2Fv2%2Fcomments&post=75138"}],"version-history":[{"count":0,"href":"https:\/\/diarioregionaldigital.com.br\/index.php?rest_route=\/wp\/v2\/posts\/75138\/revisions"}],"wp:featuredmedia":[{"embeddable":true,"href":"https:\/\/diarioregionaldigital.com.br\/index.php?rest_route=\/wp\/v2\/media\/75137"}],"wp:attachment":[{"href":"https:\/\/diarioregionaldigital.com.br\/index.php?rest_route=%2Fwp%2Fv2%2Fmedia&parent=75138"}],"wp:term":[{"taxonomy":"category","embeddable":true,"href":"https:\/\/diarioregionaldigital.com.br\/index.php?rest_route=%2Fwp%2Fv2%2Fcategories&post=75138"},{"taxonomy":"post_tag","embeddable":true,"href":"https:\/\/diarioregionaldigital.com.br\/index.php?rest_route=%2Fwp%2Fv2%2Ftags&post=75138"}],"curies":[{"name":"wp","href":"https:\/\/api.w.org\/{rel}","templated":true}]}}