{"id":75136,"date":"2017-06-08T00:25:20","date_gmt":"2017-06-08T03:25:20","guid":{"rendered":"http:\/\/diarioregionaljf.com.br\/2017\/06\/08\/mulher-que-matou-gravida-para-roubar-bebe-em-ponte-nova-e-condenada-a-34-anos-de-prisao\/"},"modified":"2017-06-08T00:25:20","modified_gmt":"2017-06-08T03:25:20","slug":"mulher-que-matou-gravida-para-roubar-bebe-em-ponte-nova-e-condenada-a-34-anos-de-prisao","status":"publish","type":"post","link":"https:\/\/diarioregionaldigital.com.br\/?p=75136","title":{"rendered":"Mulher que matou gr\u00e1vida para roubar beb\u00ea em Ponte Nova \u00e9 condenada a 34 anos de pris\u00e3o"},"content":{"rendered":"<p>Aos 34 anos, Gilm\u00e1ria Silva Patroc\u00ednio, que assassinou uma jovem gr\u00e1vida e arrancou o beb\u00ea de sua barriga em 2015, na cidade de Ponte Nova, na Zona da Mata, foi condenada a passar na cadeia o mesmo tempo que tem de vida. A Justi\u00e7a do munic\u00edpio mineiro definiu, nessa ter\u00e7a-feira, 6, que a acusada deveria cumprir, inicialmente em regime fechado, 34 anos, um m\u00eas e 23 dias de pris\u00e3o.<\/p>\n<p>O corpo de Patr\u00edcia Xavier da Silva, que na \u00e9poca tinha 21 anos, foi encontrado no dia 30 de junho perto de uma caixa d\u00b4\u00e1gua, no bairro Vale Verde, que faz liga\u00e7\u00e3o \u00e0 zona rural da cidade, afastado do centro. O caso causou grande repercuss\u00e3o na popula\u00e7\u00e3o na \u00e9poca. Neste ter\u00e7a, o j\u00fari popular comandado pela ju\u00edza Dayse Baltazar, da 1\u00aa Vara Criminal e da Inf\u00e2ncia e Juventude de Ponte Nova, durou cerca de 10 horas.<\/p>\n<p>A pena de Gilm\u00e1ria \u00e9 pelo crime de homic\u00eddio com quatro qualificadores, sendo eles motivo torpe, mediante dissimula\u00e7\u00e3o, com o objetivo de assegurar a execu\u00e7\u00e3o de outro crime e, tamb\u00e9m, com emprego de meio cruel (a crian\u00e7a foi arrancada com a v\u00edtima ainda viva). A r\u00e9 tamb\u00e9m foi condenada por oculta\u00e7\u00e3o de cad\u00e1ver, por dar parto alheio como pr\u00f3prio, subtra\u00e7\u00e3o de incapaz e por colocar em perigo a vida ou a sa\u00fade de outras pessoas.<br \/>A suspeita j\u00e1 se encontrava presa no Complexo Penitenci\u00e1rio de Ponte Nova, onde dever\u00e1 continuar detida.<\/p>\n<p>Colabora\u00e7\u00e3o: R\u00e1dio Muria\u00e9<\/p>\n","protected":false},"excerpt":{"rendered":"<p>Aos 34 anos, Gilm\u00e1ria Silva Patroc\u00ednio, que assassinou uma jovem gr\u00e1vida e arrancou o beb\u00ea de sua barriga em 2015, na cidade de Ponte Nova, na Zona da Mata, foi condenada a passar na cadeia o mesmo tempo que tem de vida. A Justi\u00e7a do munic\u00edpio mineiro definiu, nessa ter\u00e7a-feira, 6, que a acusada deveria [&hellip;]<\/p>\n","protected":false},"author":96,"featured_media":0,"comment_status":"closed","ping_status":"closed","sticky":false,"template":"","format":"standard","meta":{"footnotes":""},"categories":[252],"tags":[],"class_list":["post-75136","post","type-post","status-publish","format-standard","hentry","category-regiao"],"_links":{"self":[{"href":"https:\/\/diarioregionaldigital.com.br\/index.php?rest_route=\/wp\/v2\/posts\/75136","targetHints":{"allow":["GET"]}}],"collection":[{"href":"https:\/\/diarioregionaldigital.com.br\/index.php?rest_route=\/wp\/v2\/posts"}],"about":[{"href":"https:\/\/diarioregionaldigital.com.br\/index.php?rest_route=\/wp\/v2\/types\/post"}],"author":[{"embeddable":true,"href":"https:\/\/diarioregionaldigital.com.br\/index.php?rest_route=\/wp\/v2\/users\/96"}],"replies":[{"embeddable":true,"href":"https:\/\/diarioregionaldigital.com.br\/index.php?rest_route=%2Fwp%2Fv2%2Fcomments&post=75136"}],"version-history":[{"count":0,"href":"https:\/\/diarioregionaldigital.com.br\/index.php?rest_route=\/wp\/v2\/posts\/75136\/revisions"}],"wp:attachment":[{"href":"https:\/\/diarioregionaldigital.com.br\/index.php?rest_route=%2Fwp%2Fv2%2Fmedia&parent=75136"}],"wp:term":[{"taxonomy":"category","embeddable":true,"href":"https:\/\/diarioregionaldigital.com.br\/index.php?rest_route=%2Fwp%2Fv2%2Fcategories&post=75136"},{"taxonomy":"post_tag","embeddable":true,"href":"https:\/\/diarioregionaldigital.com.br\/index.php?rest_route=%2Fwp%2Fv2%2Ftags&post=75136"}],"curies":[{"name":"wp","href":"https:\/\/api.w.org\/{rel}","templated":true}]}}