{"id":75133,"date":"2017-06-08T00:15:28","date_gmt":"2017-06-08T03:15:28","guid":{"rendered":"http:\/\/diarioregionaljf.com.br\/2017\/06\/08\/santo-antonio-doutor-do-evangelho\/"},"modified":"2018-04-16T08:05:42","modified_gmt":"2018-04-16T11:05:42","slug":"santo-antonio-doutor-do-evangelho","status":"publish","type":"post","link":"https:\/\/diarioregionaldigital.com.br\/?p=75133","title":{"rendered":"Santo Ant\u00f4nio, Doutor do Evangelho"},"content":{"rendered":"<p>Preparemo-nos para as celebra\u00e7\u00f5es de Santo Ant\u00f4nio. Sua biografia e sua intercess\u00e3o marcam a vida de muita gente que, como eu, traz seu nome, e de muitas comunidades por este Brasil a fora, incluindo a nossa Arquidiocese de Juiz de Fora que se honra de t\u00ea-lo como Padroeiro, bem como a Cidade e o Semin\u00e1rio.<\/p>\n<p>Nunca ser\u00e1 demais recordar aspectos de sua vida. Ela nos ajuda a verificar a a\u00e7\u00e3o de Deus e a resposta das pessoas. Em Santo Ant\u00f4nio, o amor a Deus, \u00e0 sua palavra, \u00e0 miss\u00e3o \u00e9 mesmo incentivador.<\/p>\n<p>Nasceu em Portugal, no ano 1195, no centro da cidade de Lisboa, recebendo o nome de Fernando. Quando, na juventude, j\u00e1 havia vestido o h\u00e1bito dos Padres Agostinianos, resolveu abra\u00e7ar os ideais de S\u00e3o Francisco, marcadamente pobre, depois de saber da not\u00edcia do mart\u00edrio de oito jovens mission\u00e1rios na \u00c1frica, cujos cad\u00e1veres foram piedosamente venerados na capital lusitana. Tais fatos revolveram a mente de Fernando que deixou a ordem de Santo Agostinho para assumir o h\u00e1bito de S\u00e3o Francisco, recebendo a\u00ed o nome de Frei Ant\u00f4nio de Lisboa.<\/p>\n<p>Oferecendo-se para ir para Marrocos, onde foram torturados, matados e estra\u00e7alhados os mencionados oito frades, descobriu sua verdadeira voca\u00e7\u00e3o: ser mission\u00e1rio. Deixou tudo e partiu para o continente africano. Por\u00e9m, teve roteiro alterado, pois a embarca\u00e7\u00e3o, por causa de problemas clim\u00e1ticos, n\u00e3o lhe permitiu chegar ao destino, tendo que aportar na ilha da Sic\u00edlia de onde partiu para Assis e depois para P\u00e1dua. A\u00ed viveu intensamente o evangelho, estudou e ensinou a Sagrada Escritura com rara maestria, e brilhante santidade. Foi o primeiro te\u00f3logo da Ordem dos frades franciscanos. Foi peregrino das estradas, pregador do evangelho.<\/p>\n<p>Encontrou pessoalmente S\u00e3o Francisco e com ele teve v\u00e1rios col\u00f3quios. Convenceu a S\u00e3o Francisco sobre a necessidade de levar seus frades a aprofundarem os conhecimentos da f\u00e9, a fim que de que pudessem, com mais compet\u00eancia, anunciar os santos evangelhos. Na verdade, Francisco desejaria que seus confrades pregassem muito mais pela vida que pelas palavras. Talvez por esta raz\u00e3o, encontra-se entre os serm\u00f5es de Santo Ant\u00f4nio, a famosa express\u00e3o: \u201ccessem as palavras, falem as obras\u201d.<\/p>\n<p>Santo Ant\u00f4nio foi um intelectual da f\u00e9, profundo conhecedor da B\u00edblia e da Tradi\u00e7\u00e3o Eclesial, mas, ao mesmo tempo, um exemplo de simplicidade, pobreza material, e amor ao pr\u00f3ximo, sobretudo aos mais pobres. Pregou com a palavra e com a vida. Foi exigente com os indolentes e vibrante com os que se convertiam.<\/p>\n<p>Amoroso, respeitoso e piedoso para com a Santa Eucaristia, pregou ardorosamente sobre ela, na It\u00e1lia e na Fran\u00e7a. \u00c9 famoso o epis\u00f3dio do carroceiro infiel que s\u00f3 se converteu depois que o burro que lhe puxava a carro\u00e7a se ajoelhou diante da Cust\u00f3dia com o Sant\u00edssimo Sacramento que o Santo de P\u00e1dua levava em prociss\u00e3o.<\/p>\n<p>Tamb\u00e9m famoso \u00e9 seu serm\u00e3o feito aos peixes, como protesto contra os homens que desprezavam a Palavra de Deus anunciada.<\/p>\n<p>Depois de uma vida intens\u00edssima imersa nas coisas de Deus, veio a falecer no dia 13 de junho de 1231, com apenas 36 anos de idade, enquanto cantava um hino \u00e0 Beat\u00edssima Virgem Maria. Tais eram os sinais de sua santidade, que o Papa Greg\u00f3rio IX o canonizou em menos de um ano ap\u00f3s sua morte.<\/p>\n<p>Em 1946, o Papa Pio XII (1939-1958) o declarou Doutor da Igreja, com o t\u00edtulo de Doutor Evang\u00e9lico, dado ao seu particular gosto pelos estudos b\u00edblicos.<\/p>\n<p>Elevem-se a\u00e7\u00f5es de gra\u00e7as a Deus por nos ter dado, em Ant\u00f4nio, exemplo t\u00e3o eloquente de disc\u00edpulo e mission\u00e1rio de Cristo. Vibra nas p\u00e1ginas da hist\u00f3ria o amor de Ant\u00f4nio aos santos evangelhos, que ele, dotado de extraordin\u00e1ria intelig\u00eancia, estudou com profundidade e ensinou com extrema compet\u00eancia, raz\u00e3o pela qual o Papa Paccelli lhe conferiu o mencionado t\u00edtulo de Doutor do Evangelho.<\/p>\n<p>Para recordar suas virtudes, a arte o representa com variedade de imagens. Os s\u00edmbolos religiosos s\u00e3o eloquentes, mais que as palavras, para fazer o ser humano entender verdades que transcendem \u00e0 realidade terrena e que n\u00e3o s\u00e3o assimiladas apenas com termos sonoros, pois para entender as coisas de Deus \u00e9 mesmo necess\u00e1rio chamar em aux\u00edlio a arte, contemplar a beleza das formas escult\u00f3ricas, deixar-se envolver com as cores da pict\u00f3rica, abandonar-se \u00e0 luz po\u00e9tica, express\u00f5es da beleza divina.<\/p>\n<p>Celebrando Santo Ant\u00f4nio, louvemos o Senhor do c\u00e9u e da terra, que, na sua a\u00e7\u00e3o misericordiosa, nos d\u00e1 exemplos eloquente para nos impulsionar nos caminhos da f\u00e9 e na pr\u00e1tica da caridade.<\/p>\n","protected":false},"excerpt":{"rendered":"<p>Preparemo-nos para as celebra\u00e7\u00f5es de Santo Ant\u00f4nio. Sua biografia e sua intercess\u00e3o marcam a vida de muita gente que, como eu, traz seu nome, e de muitas comunidades por este Brasil a fora, incluindo a nossa Arquidiocese de Juiz de Fora que se honra de t\u00ea-lo como Padroeiro, bem como a Cidade e o Semin\u00e1rio. [&hellip;]<\/p>\n","protected":false},"author":96,"featured_media":0,"comment_status":"closed","ping_status":"closed","sticky":false,"template":"","format":"standard","meta":{"footnotes":""},"categories":[276],"tags":[],"class_list":["post-75133","post","type-post","status-publish","format-standard","hentry","category-dom-gil"],"_links":{"self":[{"href":"https:\/\/diarioregionaldigital.com.br\/index.php?rest_route=\/wp\/v2\/posts\/75133","targetHints":{"allow":["GET"]}}],"collection":[{"href":"https:\/\/diarioregionaldigital.com.br\/index.php?rest_route=\/wp\/v2\/posts"}],"about":[{"href":"https:\/\/diarioregionaldigital.com.br\/index.php?rest_route=\/wp\/v2\/types\/post"}],"author":[{"embeddable":true,"href":"https:\/\/diarioregionaldigital.com.br\/index.php?rest_route=\/wp\/v2\/users\/96"}],"replies":[{"embeddable":true,"href":"https:\/\/diarioregionaldigital.com.br\/index.php?rest_route=%2Fwp%2Fv2%2Fcomments&post=75133"}],"version-history":[{"count":0,"href":"https:\/\/diarioregionaldigital.com.br\/index.php?rest_route=\/wp\/v2\/posts\/75133\/revisions"}],"wp:attachment":[{"href":"https:\/\/diarioregionaldigital.com.br\/index.php?rest_route=%2Fwp%2Fv2%2Fmedia&parent=75133"}],"wp:term":[{"taxonomy":"category","embeddable":true,"href":"https:\/\/diarioregionaldigital.com.br\/index.php?rest_route=%2Fwp%2Fv2%2Fcategories&post=75133"},{"taxonomy":"post_tag","embeddable":true,"href":"https:\/\/diarioregionaldigital.com.br\/index.php?rest_route=%2Fwp%2Fv2%2Ftags&post=75133"}],"curies":[{"name":"wp","href":"https:\/\/api.w.org\/{rel}","templated":true}]}}