{"id":75123,"date":"2017-06-07T23:46:14","date_gmt":"2017-06-08T02:46:14","guid":{"rendered":"http:\/\/diarioregionaljf.com.br\/2017\/06\/07\/parlamento-equatoriano-aprova-pedido-de-expulsao-da-odebrecht-do-pais\/"},"modified":"2017-06-07T23:46:14","modified_gmt":"2017-06-08T02:46:14","slug":"parlamento-equatoriano-aprova-pedido-de-expulsao-da-odebrecht-do-pais","status":"publish","type":"post","link":"https:\/\/diarioregionaldigital.com.br\/?p=75123","title":{"rendered":"Parlamento equatoriano aprova pedido de expuls\u00e3o da Odebrecht do pa\u00eds"},"content":{"rendered":"<p>A Assembleia Nacional do Equador (equivalente ao Congresso brasileiro) aprovou nessa ter\u00e7a-feira, 7, um conjunto de a\u00e7\u00f5es imediatas para prevenir e combater a corrup\u00e7\u00e3o, entre as quais se inclui a chamada &#8220;morte civil&#8221; \u2013 o julgamento pol\u00edtico do chefe da Controladoria Geral do Estado, Carlos P\u00f3lit \u2013, e o pedido de expuls\u00e3o da construtora Odebrecht do pa\u00eds. As informa\u00e7\u00f5es s\u00e3o da EFE.<\/p>\n<p>Com 106 votos a favor, de um total de 128 legisladores presentes na sess\u00e3o plen\u00e1ria, a Assembleia aprovou uma mo\u00e7\u00e3o apresentada pelo grupo governista Alian\u00e7a Pa\u00eds para executar a\u00e7\u00f5es imediatas contra a corrup\u00e7\u00e3o, em meio a um intenso debate com a oposi\u00e7\u00e3o sobre as consequ\u00eancias dos casos de suborno no pa\u00eds por parte da Odebrecht.<\/p>\n<p>O Legislativo decidiu formar uma delega\u00e7\u00e3o com representantes de v\u00e1rios grupos parlamentares, incluindo a oposi\u00e7\u00e3o, que vai para os Estados Unidos e o Brasil para solicitar informa\u00e7\u00f5es sobre essa suposta trama de corrup\u00e7\u00e3o.<\/p>\n<p>Al\u00e9m disso, o plen\u00e1rio aprovou o in\u00edcio do processo para convocar o julgamento pol\u00edtico do controlador-geral Carlos P\u00f3lit, envolvido no caso Odebrecht e que est\u00e1 fora do pa\u00eds por raz\u00f5es m\u00e9dicas, segundo informa\u00e7\u00f5es de seu advogado.<\/p>\n<p>A Assembleia tamb\u00e9m convocou, de maneira imediata, o procurador-geral do Estado, Carlos Baca, que viajou na segunda-feira, 5, para o Brasil, para que compare\u00e7a diante da Comiss\u00e3o Legislativa de Controle e explique o avan\u00e7o das investiga\u00e7\u00f5es.<\/p>\n<p>Eles tamb\u00e9m exigiram maior rapidez na investiga\u00e7\u00e3o e no in\u00edcio dos processos contra todas as pessoas, p\u00fablicas ou privadas, com liga\u00e7\u00f5es em casos de corrup\u00e7\u00e3o desde o ano de 1987 e em todos os n\u00edveis de governo.<\/p>\n<p>O Parlamento exigiu a &#8220;repara\u00e7\u00e3o integral dos danos e preju\u00edzos causados ao Equador por parte da Odebrecht&#8221; e, em seguida, realizar a expuls\u00e3o da construtora do Equador.<\/p>\n<p>Al\u00e9m disso, ordenaram o t\u00e9rmino dos contratos que o pa\u00eds tenha com a Odebrecht e que n\u00e3o volte a contratar nenhum projeto da construtora.<br \/>Em dezembro do ano passado, o Departamento de Justi\u00e7a dos Estados Unidos informou que a Odebrecht pagou cerca de US$788 milh\u00f5es em propinas em 12 pa\u00edses, entre eles o Equador.<\/p>\n<p>O relat\u00f3rio mostrou que no Equador, entre os anos de 2007 e 2016, a construtora pagou propinas no valor de mais de US$35,5 milh\u00f5es a &#8220;funcion\u00e1rios do Governo&#8221;, o que supostamente gerou benef\u00edcios de US$116 milh\u00f5es.<\/p>\n<p>Fonte: Ag\u00eancia Brasil<\/p>\n","protected":false},"excerpt":{"rendered":"<p>A Assembleia Nacional do Equador (equivalente ao Congresso brasileiro) aprovou nessa ter\u00e7a-feira, 7, um conjunto de a\u00e7\u00f5es imediatas para prevenir e combater a corrup\u00e7\u00e3o, entre as quais se inclui a chamada &#8220;morte civil&#8221; \u2013 o julgamento pol\u00edtico do chefe da Controladoria Geral do Estado, Carlos P\u00f3lit \u2013, e o pedido de expuls\u00e3o da construtora Odebrecht [&hellip;]<\/p>\n","protected":false},"author":96,"featured_media":0,"comment_status":"closed","ping_status":"closed","sticky":false,"template":"","format":"standard","meta":{"footnotes":""},"categories":[254],"tags":[],"class_list":["post-75123","post","type-post","status-publish","format-standard","hentry","category-politica"],"_links":{"self":[{"href":"https:\/\/diarioregionaldigital.com.br\/index.php?rest_route=\/wp\/v2\/posts\/75123","targetHints":{"allow":["GET"]}}],"collection":[{"href":"https:\/\/diarioregionaldigital.com.br\/index.php?rest_route=\/wp\/v2\/posts"}],"about":[{"href":"https:\/\/diarioregionaldigital.com.br\/index.php?rest_route=\/wp\/v2\/types\/post"}],"author":[{"embeddable":true,"href":"https:\/\/diarioregionaldigital.com.br\/index.php?rest_route=\/wp\/v2\/users\/96"}],"replies":[{"embeddable":true,"href":"https:\/\/diarioregionaldigital.com.br\/index.php?rest_route=%2Fwp%2Fv2%2Fcomments&post=75123"}],"version-history":[{"count":0,"href":"https:\/\/diarioregionaldigital.com.br\/index.php?rest_route=\/wp\/v2\/posts\/75123\/revisions"}],"wp:attachment":[{"href":"https:\/\/diarioregionaldigital.com.br\/index.php?rest_route=%2Fwp%2Fv2%2Fmedia&parent=75123"}],"wp:term":[{"taxonomy":"category","embeddable":true,"href":"https:\/\/diarioregionaldigital.com.br\/index.php?rest_route=%2Fwp%2Fv2%2Fcategories&post=75123"},{"taxonomy":"post_tag","embeddable":true,"href":"https:\/\/diarioregionaldigital.com.br\/index.php?rest_route=%2Fwp%2Fv2%2Ftags&post=75123"}],"curies":[{"name":"wp","href":"https:\/\/api.w.org\/{rel}","templated":true}]}}