{"id":75083,"date":"2017-06-07T17:50:27","date_gmt":"2017-06-07T20:50:27","guid":{"rendered":"http:\/\/diarioregionaljf.com.br\/2017\/06\/07\/petrobras-aprova-politica-de-preco-para-gas-de-cozinha\/"},"modified":"2017-06-07T17:50:27","modified_gmt":"2017-06-07T20:50:27","slug":"petrobras-aprova-politica-de-preco-para-gas-de-cozinha","status":"publish","type":"post","link":"https:\/\/diarioregionaldigital.com.br\/?p=75083","title":{"rendered":"Petrobras aprova pol\u00edtica de pre\u00e7o para g\u00e1s de cozinha"},"content":{"rendered":"<p>A Petrobras divulgou nessa quarta-feira, 7, no Rio de Janeiro, a nova pol\u00edtica de pre\u00e7os para o G\u00e1s Liquefeito de Petr\u00f3leo comercializado em botij\u00f5es de 13 quilos (GLP-P13), conhecido como g\u00e1s de cozinha. Era o \u00fanico produto da empresa para o qual ainda n\u00e3o havia sido definida f\u00f3rmula de c\u00e1lculo.<\/p>\n<p>O pre\u00e7o nas refinarias ser\u00e1 calculado pela m\u00e9dia mensal das cota\u00e7\u00f5es do butano e do propano no mercado europeu, convertida em reais pela m\u00e9dia di\u00e1ria das cota\u00e7\u00f5es da venda do d\u00f3lar, acrescida de uma margem fixa de 5%.<\/p>\n<p>A vig\u00eancia dos pre\u00e7os ser\u00e1 aplicada a partir do dia 5 de cada m\u00eas, com in\u00edcio previsto para este m\u00eas de junho, quando o reajuste ser\u00e1 aplicado, excepcionalmente, a partir do dia 8.<\/p>\n<p>De acordo com o presidente da Petrobras, Pedro Parente, a pol\u00edtica, aprovada pela diretoria executiva da estatal, segue a resolu\u00e7\u00e3o 4\/2005 do Conselho Nacional de Pol\u00edtica Energ\u00e9tica (CNPE), que determina a comercializa\u00e7\u00e3o da embalagem destinada a uso dom\u00e9stico a pre\u00e7os inferiores \u00e0s demais apresenta\u00e7\u00f5es. Parente explica que, com isso, a empresa completa o ciclo de defini\u00e7\u00e3o de pol\u00edticas para os produtos da companhia, garantindo a previsibilidade de pre\u00e7o.<\/p>\n<h4>Pre\u00e7o pode subir e tamb\u00e9m cair<\/h4>\n<p>\u201cEm rela\u00e7\u00e3o ao consumidor final, podemos dizer que, a exemplo do que est\u00e1 acontecendo com a gasolina e com o diesel, n\u00f3s vamos seguir rigorosamente a refer\u00eancia utilizada, significando dizer que, assim como pode subir [o pre\u00e7o], tamb\u00e9m pode cair. A gente fala com a autoridade de quem, desde outubro, fez sete reajustes e cinco foram de redu\u00e7\u00e3o de pre\u00e7o. Isso tamb\u00e9m pode ser vantajoso para a consumidor, dado que n\u00f3s vamos seguir uma refer\u00eancia que sobe e que desce\u201d, afirmou.<\/p>\n<p>O diretor de Refino e G\u00e1s Natural da Petrobras, Jorge Celestino, explicou que o c\u00e1lculo n\u00e3o ter\u00e1 como refer\u00eancia a paridade de pre\u00e7os internacionais e est\u00e1 alinhado com os par\u00e2metros do Planejamento Estrat\u00e9gico 2017\/2021.<\/p>\n<p>\u201cA m\u00e9dia para este m\u00eas \u00e9 de 6,7% e a gente prev\u00ea que tenha um impacto de 2,2% no botij\u00e3o e R$1,25 na m\u00e9dia Brasil, conforme os dados da ANP (Ag\u00eancia Nacional do Petr\u00f3leo). A composi\u00e7\u00e3o do pre\u00e7o do botij\u00e3o hoje \u00e9 em torno de 25% de realiza\u00e7\u00e3o Petrobras, 20% de impostos e 55% \u00e9 a margem de distribui\u00e7\u00e3o e revenda; a nossa previs\u00e3o \u00e9 que ele passa a ser 26% para a Petrobras, mantendo os 20% dos impostos e uma pequena queda na margem de distribui\u00e7\u00e3o e revenda para 54%\u201d, disse.<\/p>\n<h4>Sindig\u00e1s comenta decis\u00e3o<\/h4>\n<p>Em nota, o Sindicato Nacional das Empresas Distribuidoras de G\u00e1s Liquefeito de Petr\u00f3leo (Sindig\u00e1s) fez uma avalia\u00e7\u00e3o positiva do an\u00fancio da Petrobras em \u201cadequar seus pre\u00e7os para o g\u00e1s GLP embalado em botij\u00f5es de at\u00e9 13 kg e de uso residencial aos praticados no mercado internacional\u201d.<\/p>\n<p>O sindicato ressaltou que a nova pol\u00edtica de pre\u00e7os \u201cainda deixa o pre\u00e7o praticado aproximadamente 15% abaixo ao da paridade de importa\u00e7\u00e3o\u201d e frisou que \u201c\u00e9 precipitado afirmar que esse percentual m\u00e9dio seja aplicado de forma linear\u201d.<\/p>\n<p>Fonte: Ag\u00eancia Brasil<\/p>\n","protected":false},"excerpt":{"rendered":"<p>A Petrobras divulgou nessa quarta-feira, 7, no Rio de Janeiro, a nova pol\u00edtica de pre\u00e7os para o G\u00e1s Liquefeito de Petr\u00f3leo comercializado em botij\u00f5es de 13 quilos (GLP-P13), conhecido como g\u00e1s de cozinha. Era o \u00fanico produto da empresa para o qual ainda n\u00e3o havia sido definida f\u00f3rmula de c\u00e1lculo. O pre\u00e7o nas refinarias ser\u00e1 [&hellip;]<\/p>\n","protected":false},"author":96,"featured_media":75082,"comment_status":"closed","ping_status":"closed","sticky":false,"template":"","format":"standard","meta":{"footnotes":""},"categories":[261],"tags":[],"class_list":["post-75083","post","type-post","status-publish","format-standard","has-post-thumbnail","hentry","category-economia"],"_links":{"self":[{"href":"https:\/\/diarioregionaldigital.com.br\/index.php?rest_route=\/wp\/v2\/posts\/75083","targetHints":{"allow":["GET"]}}],"collection":[{"href":"https:\/\/diarioregionaldigital.com.br\/index.php?rest_route=\/wp\/v2\/posts"}],"about":[{"href":"https:\/\/diarioregionaldigital.com.br\/index.php?rest_route=\/wp\/v2\/types\/post"}],"author":[{"embeddable":true,"href":"https:\/\/diarioregionaldigital.com.br\/index.php?rest_route=\/wp\/v2\/users\/96"}],"replies":[{"embeddable":true,"href":"https:\/\/diarioregionaldigital.com.br\/index.php?rest_route=%2Fwp%2Fv2%2Fcomments&post=75083"}],"version-history":[{"count":0,"href":"https:\/\/diarioregionaldigital.com.br\/index.php?rest_route=\/wp\/v2\/posts\/75083\/revisions"}],"wp:featuredmedia":[{"embeddable":true,"href":"https:\/\/diarioregionaldigital.com.br\/index.php?rest_route=\/wp\/v2\/media\/75082"}],"wp:attachment":[{"href":"https:\/\/diarioregionaldigital.com.br\/index.php?rest_route=%2Fwp%2Fv2%2Fmedia&parent=75083"}],"wp:term":[{"taxonomy":"category","embeddable":true,"href":"https:\/\/diarioregionaldigital.com.br\/index.php?rest_route=%2Fwp%2Fv2%2Fcategories&post=75083"},{"taxonomy":"post_tag","embeddable":true,"href":"https:\/\/diarioregionaldigital.com.br\/index.php?rest_route=%2Fwp%2Fv2%2Ftags&post=75083"}],"curies":[{"name":"wp","href":"https:\/\/api.w.org\/{rel}","templated":true}]}}