{"id":75064,"date":"2017-06-07T00:37:06","date_gmt":"2017-06-07T03:37:06","guid":{"rendered":"http:\/\/diarioregionaljf.com.br\/2017\/06\/07\/vasco-x-corinthians-e-o-destaque-em-sao-januario\/"},"modified":"2017-06-07T00:37:06","modified_gmt":"2017-06-07T03:37:06","slug":"vasco-x-corinthians-e-o-destaque-em-sao-januario","status":"publish","type":"post","link":"https:\/\/diarioregionaldigital.com.br\/?p=75064","title":{"rendered":"Vasco X Corinthians \u00c9 O Destaque Em S\u00e3o Janu\u00e1rio"},"content":{"rendered":"<p>O Corinthians tem a oportunidade de assumir a lideran\u00e7a isolada do Campeonato Brasileiro. Nesta quarta-feira, \u00e0s 21h45, o time de F\u00e1bio Carille estar\u00e1 em campo em S\u00e3o Janu\u00e1rio, no Rio de Janeiro, para enfrentar o Vasco pela 5\u00aa rodada. O time paulista precisa da vit\u00f3ria fora de casa e ainda conta com um rev\u00e9s da Chapecoense diante do Gr\u00eamio. Do outro lado, os cariocas querem finalmente embalar na competi\u00e7\u00e3o, j\u00e1 que ainda n\u00e3o convenceram.<\/p>\n<p><span class=\"h4\">MUDAN\u00c7A<\/span><br \/>A principal baixa do Vasco \u00e9 justamente na \u00e1rea t\u00e9cnica. O t\u00e9cnico Milton Mendes est\u00e1 suspenso e quem comandar\u00e1 o grupo na beira do gramado \u00e9 o auxiliar Ednelson Silva. Ele deve mandar a campo, com o aval do treinador, uma forma\u00e7\u00e3o antiga, que j\u00e1 convenceu nesta temporada: a mesma que bateu o Fluminense num cl\u00e1ssico hist\u00f3rico e cheio de gols. Lu\u00eds Fabiano, Jean e Pikachu est\u00e3o confirmados.<br \/>\u201cQuando geralmente um clube enfrenta outro que tem um ataque positivo precisa se propor a marcar atr\u00e1s da linha da bola e todo mundo precisa ter aten\u00e7\u00e3o na marca\u00e7\u00e3o. Sabemos da qualidade do Corinthians. Possuem jogadores que sabem definir jogadas. A nossa equipe tem que jogar como vem jogando dentro de casa. Repetindo isso e pegando algumas coisas boas do \u00faltimo jogo fora de casa, acredito que vamos conseguir um resultado positivo\u201d, disse Paul\u00e3o.<\/p>\n<p>Vasco da Gama-RJ: Mart\u00edn Silva; Gilberto, Breno, Paul\u00e3o e Henrique; Jean, Douglas, Pikachu, Mateus e Kelvin; Fabuloso.<br \/>T\u00e9cnico: Ednelson Silva (interino)<\/p>\n<p>Corinthians-SP: C\u00e1ssio; Paulo Roberto, Pedro Henrique, Pablo e Guilherme Arana; Gabriel e Maycon (Camacho); Jadson, Marquinhos Gabriel e Clayson; J\u00f4.<br \/>T\u00e9cnico: F\u00e1bio Carille<\/p>\n<p>Fonte: AFI<\/p>\n","protected":false},"excerpt":{"rendered":"<p>O Corinthians tem a oportunidade de assumir a lideran\u00e7a isolada do Campeonato Brasileiro. Nesta quarta-feira, \u00e0s 21h45, o time de F\u00e1bio Carille estar\u00e1 em campo em S\u00e3o Janu\u00e1rio, no Rio de Janeiro, para enfrentar o Vasco pela 5\u00aa rodada. O time paulista precisa da vit\u00f3ria fora de casa e ainda conta com um rev\u00e9s da [&hellip;]<\/p>\n","protected":false},"author":96,"featured_media":75063,"comment_status":"closed","ping_status":"closed","sticky":false,"template":"","format":"standard","meta":{"footnotes":""},"categories":[257],"tags":[],"class_list":["post-75064","post","type-post","status-publish","format-standard","has-post-thumbnail","hentry","category-esporte"],"_links":{"self":[{"href":"https:\/\/diarioregionaldigital.com.br\/index.php?rest_route=\/wp\/v2\/posts\/75064","targetHints":{"allow":["GET"]}}],"collection":[{"href":"https:\/\/diarioregionaldigital.com.br\/index.php?rest_route=\/wp\/v2\/posts"}],"about":[{"href":"https:\/\/diarioregionaldigital.com.br\/index.php?rest_route=\/wp\/v2\/types\/post"}],"author":[{"embeddable":true,"href":"https:\/\/diarioregionaldigital.com.br\/index.php?rest_route=\/wp\/v2\/users\/96"}],"replies":[{"embeddable":true,"href":"https:\/\/diarioregionaldigital.com.br\/index.php?rest_route=%2Fwp%2Fv2%2Fcomments&post=75064"}],"version-history":[{"count":0,"href":"https:\/\/diarioregionaldigital.com.br\/index.php?rest_route=\/wp\/v2\/posts\/75064\/revisions"}],"wp:featuredmedia":[{"embeddable":true,"href":"https:\/\/diarioregionaldigital.com.br\/index.php?rest_route=\/wp\/v2\/media\/75063"}],"wp:attachment":[{"href":"https:\/\/diarioregionaldigital.com.br\/index.php?rest_route=%2Fwp%2Fv2%2Fmedia&parent=75064"}],"wp:term":[{"taxonomy":"category","embeddable":true,"href":"https:\/\/diarioregionaldigital.com.br\/index.php?rest_route=%2Fwp%2Fv2%2Fcategories&post=75064"},{"taxonomy":"post_tag","embeddable":true,"href":"https:\/\/diarioregionaldigital.com.br\/index.php?rest_route=%2Fwp%2Fv2%2Ftags&post=75064"}],"curies":[{"name":"wp","href":"https:\/\/api.w.org\/{rel}","templated":true}]}}