{"id":75062,"date":"2017-06-07T00:35:48","date_gmt":"2017-06-07T03:35:48","guid":{"rendered":"http:\/\/diarioregionaljf.com.br\/2017\/06\/07\/em-festa-por-everton-ribeiro-fla-encara-o-leao-de-luxemburgo\/"},"modified":"2017-06-07T00:35:48","modified_gmt":"2017-06-07T03:35:48","slug":"em-festa-por-everton-ribeiro-fla-encara-o-leao-de-luxemburgo","status":"publish","type":"post","link":"https:\/\/diarioregionaldigital.com.br\/?p=75062","title":{"rendered":"Em Festa Por Everton Ribeiro, Fla Encara O Le\u00e3o De Luxemburgo"},"content":{"rendered":"<p>Ainda sem poder contar com Everton Ribeiro, rec\u00e9m-apresentado, o Flamengo, ainda invicto no Campeonato Brasileiro, tenta entrar de vez na briga pelas primeiras coloca\u00e7\u00f5es diante do Sport, de Vanderlei Luxemburgo, em partida marcada para esta quarta-feira, \u00e0s 21h45, na Ilha do Retiro, pela quinta rodada.<br \/>Apesar de n\u00e3o ter pedido um jogo sequer, o Flamengo s\u00f3 venceu o Atl\u00e9tico-GO, na segunda rodada, por 3 a 0. Por isso, os tr\u00eas pontos s\u00e3o considerados importantes para colocar o clube na partida de cima da tabela de classifica\u00e7\u00e3o.<br \/>J\u00e1 o Sport, que ainda n\u00e3o venceu com Vanderlei Luxemburgo, ocupa a 15\u00aa coloca\u00e7\u00e3o, com quatro pontos, dois a menos do que o Flamengo, e precisa se reabilitar para n\u00e3o correr o risco de terminar a rodada na zona de rebaixamento.<br \/>As equipes j\u00e1 se enfrentaram 14 vezes pelo Campeonato Brasileiro na era dos pontos corridos. Desde ent\u00e3o, foram seis vit\u00f3rias do Flamengo, seis empates e duas derrotas. No total de confrontos, levando em conta todas as competi\u00e7\u00f5es e amistosos, s\u00e3o 46 partidas: 21 vit\u00f3rias do Mengo, onze empates e 14 derrotas.<\/p>\n<p>SPORT-PE: Magr\u00e3o; Samuel Xavier, Ronaldo Alves, Durval e Patrick; Anselmo, Rithely e Everton Felipe; Thom\u00e1s, Osvaldo e Andr\u00e9.<br \/>T\u00e9cnico: Vanderlei Luxemburgo<\/p>\n<p>FLAMENGO-RJ: Alex Muralha; Ren\u00ea, Juan, R\u00e9ver e Par\u00e1; Marcio Ara\u00fajo, Willian Ar\u00e3o, Ederson e Diego; Leandro Dami\u00e3o e Everton&nbsp;T\u00e9cnico: Z\u00e9 Ricardo<\/p>\n<p>Fonte:&nbsp;Ag\u00eancia Futebol Interior<\/p>\n","protected":false},"excerpt":{"rendered":"<p>Ainda sem poder contar com Everton Ribeiro, rec\u00e9m-apresentado, o Flamengo, ainda invicto no Campeonato Brasileiro, tenta entrar de vez na briga pelas primeiras coloca\u00e7\u00f5es diante do Sport, de Vanderlei Luxemburgo, em partida marcada para esta quarta-feira, \u00e0s 21h45, na Ilha do Retiro, pela quinta rodada.Apesar de n\u00e3o ter pedido um jogo sequer, o Flamengo s\u00f3 [&hellip;]<\/p>\n","protected":false},"author":96,"featured_media":75061,"comment_status":"closed","ping_status":"closed","sticky":false,"template":"","format":"standard","meta":{"footnotes":""},"categories":[257],"tags":[],"class_list":["post-75062","post","type-post","status-publish","format-standard","has-post-thumbnail","hentry","category-esporte"],"_links":{"self":[{"href":"https:\/\/diarioregionaldigital.com.br\/index.php?rest_route=\/wp\/v2\/posts\/75062","targetHints":{"allow":["GET"]}}],"collection":[{"href":"https:\/\/diarioregionaldigital.com.br\/index.php?rest_route=\/wp\/v2\/posts"}],"about":[{"href":"https:\/\/diarioregionaldigital.com.br\/index.php?rest_route=\/wp\/v2\/types\/post"}],"author":[{"embeddable":true,"href":"https:\/\/diarioregionaldigital.com.br\/index.php?rest_route=\/wp\/v2\/users\/96"}],"replies":[{"embeddable":true,"href":"https:\/\/diarioregionaldigital.com.br\/index.php?rest_route=%2Fwp%2Fv2%2Fcomments&post=75062"}],"version-history":[{"count":0,"href":"https:\/\/diarioregionaldigital.com.br\/index.php?rest_route=\/wp\/v2\/posts\/75062\/revisions"}],"wp:featuredmedia":[{"embeddable":true,"href":"https:\/\/diarioregionaldigital.com.br\/index.php?rest_route=\/wp\/v2\/media\/75061"}],"wp:attachment":[{"href":"https:\/\/diarioregionaldigital.com.br\/index.php?rest_route=%2Fwp%2Fv2%2Fmedia&parent=75062"}],"wp:term":[{"taxonomy":"category","embeddable":true,"href":"https:\/\/diarioregionaldigital.com.br\/index.php?rest_route=%2Fwp%2Fv2%2Fcategories&post=75062"},{"taxonomy":"post_tag","embeddable":true,"href":"https:\/\/diarioregionaldigital.com.br\/index.php?rest_route=%2Fwp%2Fv2%2Ftags&post=75062"}],"curies":[{"name":"wp","href":"https:\/\/api.w.org\/{rel}","templated":true}]}}