{"id":75040,"date":"2017-06-06T23:23:01","date_gmt":"2017-06-07T02:23:01","guid":{"rendered":"http:\/\/diarioregionaljf.com.br\/2017\/06\/06\/barbacena-esta-entre-as-cidades-menos-violentas-do-pais\/"},"modified":"2017-06-06T23:23:01","modified_gmt":"2017-06-07T02:23:01","slug":"barbacena-esta-entre-as-cidades-menos-violentas-do-pais","status":"publish","type":"post","link":"https:\/\/diarioregionaldigital.com.br\/?p=75040","title":{"rendered":"Barbacena est\u00e1 entre as cidades menos violentas do pa\u00eds"},"content":{"rendered":"<p>De acordo com o Atlas da Viol\u00eancia 2017, divulgado pelo Instituto de Pesquisa Econ\u00f4mica Aplicada (Ipea) nessa segunda-feira, 5, a cidade de Barbacena \u00e9 a 13\u00aa colocada em todo o pa\u00eds no ranking das cidades mais seguras para se viver. Em Minas Gerais, o munic\u00edpio aparece como o terceiro mais seguro.<\/p>\n<p>Os dados s\u00e3o referentes ao per\u00edodo de 2005 a 2015, mas tem reflexos atuais, uma vez que, neste ano, n\u00e3o foi registrado nenhum homic\u00eddio na cidade. No ano passado, nestes cinco primeiros meses, j\u00e1 haviam sido quatro crimes do tipo em Barbacena.<\/p>\n<p>A pesquisa relacionou 30 munic\u00edpios brasileiros (entre os mais violentos e menos violentos), com base nos dados do Sistema de Informa\u00e7\u00e3o sobre Mortalidade (SIM), do Minist\u00e9rio da Sa\u00fade e utilizou informa\u00e7\u00f5es de registros policiais publicados no 10\u00ba Anu\u00e1rio Brasileiro de Seguran\u00e7a P\u00fablica, do F\u00f3rum Brasileiro de Seguran\u00e7a P\u00fablica (FBSP). Nenhuma cidade mineira foi classificada entre as mais violentas que, segundo apontou a pesquisa, foram encontradas na regi\u00e3o Nordeste do pa\u00eds.<\/p>\n<p>Colabora\u00e7\u00e3o: Vertentes das Gerais<\/p>\n","protected":false},"excerpt":{"rendered":"<p>De acordo com o Atlas da Viol\u00eancia 2017, divulgado pelo Instituto de Pesquisa Econ\u00f4mica Aplicada (Ipea) nessa segunda-feira, 5, a cidade de Barbacena \u00e9 a 13\u00aa colocada em todo o pa\u00eds no ranking das cidades mais seguras para se viver. Em Minas Gerais, o munic\u00edpio aparece como o terceiro mais seguro. Os dados s\u00e3o referentes [&hellip;]<\/p>\n","protected":false},"author":96,"featured_media":75039,"comment_status":"closed","ping_status":"closed","sticky":false,"template":"","format":"standard","meta":{"footnotes":""},"categories":[252],"tags":[],"class_list":["post-75040","post","type-post","status-publish","format-standard","has-post-thumbnail","hentry","category-regiao"],"_links":{"self":[{"href":"https:\/\/diarioregionaldigital.com.br\/index.php?rest_route=\/wp\/v2\/posts\/75040","targetHints":{"allow":["GET"]}}],"collection":[{"href":"https:\/\/diarioregionaldigital.com.br\/index.php?rest_route=\/wp\/v2\/posts"}],"about":[{"href":"https:\/\/diarioregionaldigital.com.br\/index.php?rest_route=\/wp\/v2\/types\/post"}],"author":[{"embeddable":true,"href":"https:\/\/diarioregionaldigital.com.br\/index.php?rest_route=\/wp\/v2\/users\/96"}],"replies":[{"embeddable":true,"href":"https:\/\/diarioregionaldigital.com.br\/index.php?rest_route=%2Fwp%2Fv2%2Fcomments&post=75040"}],"version-history":[{"count":0,"href":"https:\/\/diarioregionaldigital.com.br\/index.php?rest_route=\/wp\/v2\/posts\/75040\/revisions"}],"wp:featuredmedia":[{"embeddable":true,"href":"https:\/\/diarioregionaldigital.com.br\/index.php?rest_route=\/wp\/v2\/media\/75039"}],"wp:attachment":[{"href":"https:\/\/diarioregionaldigital.com.br\/index.php?rest_route=%2Fwp%2Fv2%2Fmedia&parent=75040"}],"wp:term":[{"taxonomy":"category","embeddable":true,"href":"https:\/\/diarioregionaldigital.com.br\/index.php?rest_route=%2Fwp%2Fv2%2Fcategories&post=75040"},{"taxonomy":"post_tag","embeddable":true,"href":"https:\/\/diarioregionaldigital.com.br\/index.php?rest_route=%2Fwp%2Fv2%2Ftags&post=75040"}],"curies":[{"name":"wp","href":"https:\/\/api.w.org\/{rel}","templated":true}]}}