{"id":75038,"date":"2017-06-06T23:19:45","date_gmt":"2017-06-07T02:19:45","guid":{"rendered":"http:\/\/diarioregionaljf.com.br\/2017\/06\/06\/muriae-registra-mais-de-90-da-populacao-vacinada-contra-a-gripe\/"},"modified":"2017-06-06T23:19:45","modified_gmt":"2017-06-07T02:19:45","slug":"muriae-registra-mais-de-90-da-populacao-vacinada-contra-a-gripe","status":"publish","type":"post","link":"https:\/\/diarioregionaldigital.com.br\/?p=75038","title":{"rendered":"Muria\u00e9 registra mais de 90% da popula\u00e7\u00e3o vacinada contra a gripe"},"content":{"rendered":"<p>Conforme anunciado nessa segunda-feira, 5, pelo Governo de Minas, a Campanha Nacional de Vacina\u00e7\u00e3o Contra a Influenza foi prorrogada em todo o estado at\u00e9 a pr\u00f3xima sexta-feira, 9, para que 90% do p\u00fablico-alvo seja imunizado. Em Muria\u00e9 a cobertura total supera 92%, por\u00e9m alguns grupos priorit\u00e1rios ainda n\u00e3o atingiram a meta.<\/p>\n<p>De acordo com dados oficiais do Centro Municipal de Vacina\u00e7\u00e3o (CMV), divulgados na manh\u00e3 dessa ter\u00e7a-feira, 6, 92,58% do p\u00fablico-alvo j\u00e1 foi imunizado. No entanto, apenas 79,67% crian\u00e7as de 6 meses a 5 anos foram vacinadas. O n\u00famero de gestantes imunizadas at\u00e9 o momento corresponde a 86,44%. A porcentagem de idosos vacinados (88,77%) tamb\u00e9m n\u00e3o atingiu a meta ainda.<\/p>\n<p>Por outro lado, grupos espec\u00edficos como trabalhadores de sa\u00fade (109,86%) e pu\u00e9rperas (115,38%) j\u00e1 superaram a meta.<\/p>\n<p>Priscila Secco, coordenadora do CMV, destacou que a recomenda\u00e7\u00e3o do Governo do Estado \u00e9 que a vacina s\u00f3 ser\u00e1 liberada para toda a popula\u00e7\u00e3o depois que todos os grupos priorit\u00e1rios atingirem 90% de pessoas imunizadas.<\/p>\n<p>A vacina est\u00e1 dispon\u00edvel em todos os postos de sa\u00fade do munic\u00edpio e tamb\u00e9m no Centro Municipal de Vacina\u00e7\u00e3o, anexo ao Terminal Rodovi\u00e1rio.<\/p>\n<p>Colabora\u00e7\u00e3o: R\u00e1dio Muria\u00e9<\/p>\n","protected":false},"excerpt":{"rendered":"<p>Conforme anunciado nessa segunda-feira, 5, pelo Governo de Minas, a Campanha Nacional de Vacina\u00e7\u00e3o Contra a Influenza foi prorrogada em todo o estado at\u00e9 a pr\u00f3xima sexta-feira, 9, para que 90% do p\u00fablico-alvo seja imunizado. Em Muria\u00e9 a cobertura total supera 92%, por\u00e9m alguns grupos priorit\u00e1rios ainda n\u00e3o atingiram a meta. De acordo com dados [&hellip;]<\/p>\n","protected":false},"author":96,"featured_media":75037,"comment_status":"closed","ping_status":"closed","sticky":false,"template":"","format":"standard","meta":{"footnotes":""},"categories":[252],"tags":[],"class_list":["post-75038","post","type-post","status-publish","format-standard","has-post-thumbnail","hentry","category-regiao"],"_links":{"self":[{"href":"https:\/\/diarioregionaldigital.com.br\/index.php?rest_route=\/wp\/v2\/posts\/75038","targetHints":{"allow":["GET"]}}],"collection":[{"href":"https:\/\/diarioregionaldigital.com.br\/index.php?rest_route=\/wp\/v2\/posts"}],"about":[{"href":"https:\/\/diarioregionaldigital.com.br\/index.php?rest_route=\/wp\/v2\/types\/post"}],"author":[{"embeddable":true,"href":"https:\/\/diarioregionaldigital.com.br\/index.php?rest_route=\/wp\/v2\/users\/96"}],"replies":[{"embeddable":true,"href":"https:\/\/diarioregionaldigital.com.br\/index.php?rest_route=%2Fwp%2Fv2%2Fcomments&post=75038"}],"version-history":[{"count":0,"href":"https:\/\/diarioregionaldigital.com.br\/index.php?rest_route=\/wp\/v2\/posts\/75038\/revisions"}],"wp:featuredmedia":[{"embeddable":true,"href":"https:\/\/diarioregionaldigital.com.br\/index.php?rest_route=\/wp\/v2\/media\/75037"}],"wp:attachment":[{"href":"https:\/\/diarioregionaldigital.com.br\/index.php?rest_route=%2Fwp%2Fv2%2Fmedia&parent=75038"}],"wp:term":[{"taxonomy":"category","embeddable":true,"href":"https:\/\/diarioregionaldigital.com.br\/index.php?rest_route=%2Fwp%2Fv2%2Fcategories&post=75038"},{"taxonomy":"post_tag","embeddable":true,"href":"https:\/\/diarioregionaldigital.com.br\/index.php?rest_route=%2Fwp%2Fv2%2Ftags&post=75038"}],"curies":[{"name":"wp","href":"https:\/\/api.w.org\/{rel}","templated":true}]}}