{"id":75035,"date":"2017-06-06T23:10:45","date_gmt":"2017-06-07T02:10:45","guid":{"rendered":"http:\/\/diarioregionaljf.com.br\/2017\/06\/06\/veiculo-pega-fogo-e-interdita-br-265\/"},"modified":"2017-06-06T23:10:45","modified_gmt":"2017-06-07T02:10:45","slug":"veiculo-pega-fogo-e-interdita-br-265","status":"publish","type":"post","link":"https:\/\/diarioregionaldigital.com.br\/?p=75035","title":{"rendered":"Ve\u00edculo pega fogo e interdita BR-265"},"content":{"rendered":"<p>O Corpo de Bombeiros de Barbacena foi acionado a comparecer na Rodovia BR-265, altura do quil\u00f4metro 223, nas proximidades da localidade do Serr\u00e3o, no sentido Barroso &#8211; Juiz de Fora, onde houve um inc\u00eandio no ve\u00edculo Versalles de placa GKY-9168 que era conduzido por um homem de 45 anos. No carro tamb\u00e9m estavam duas mulheres, de 33 e 54 anos, uma delas, Vera Pereira, vereadora do munic\u00edpio de Barroso. O acidente aconteceu por volta das 8h dessa ter\u00e7a-feira, 6.<\/p>\n<p>Segundo o condutor, ele viajava para Barbacena tendo sa\u00eddo de Barroso e abastecido o carro pela manh\u00e3. Quando j\u00e1 estava na estrada, ele verificou um princ\u00edpio de inc\u00eandio origin\u00e1rio do cap\u00f4 do carro. Imediatamente parou o ve\u00edculo \u00e0s margens da rodovia, n\u00e3o tendo tempo de debelar o inc\u00eandio, e os passageiros se retiraram do carro, que ficou completamente queimado.<\/p>\n<p>Para combater o inc\u00eandio foram gastos aproximadamente 2.500 litros de \u00e1gua.<\/p>\n<p>Ningu\u00e9m ficou ferido e a Pol\u00edcia Rodovi\u00e1ria Estadual foi acionada para os demais trabalhos.<\/p>\n<p>Colabora\u00e7\u00e3o: Barbacena Mais<\/p>\n","protected":false},"excerpt":{"rendered":"<p>O Corpo de Bombeiros de Barbacena foi acionado a comparecer na Rodovia BR-265, altura do quil\u00f4metro 223, nas proximidades da localidade do Serr\u00e3o, no sentido Barroso &#8211; Juiz de Fora, onde houve um inc\u00eandio no ve\u00edculo Versalles de placa GKY-9168 que era conduzido por um homem de 45 anos. No carro tamb\u00e9m estavam duas mulheres, [&hellip;]<\/p>\n","protected":false},"author":96,"featured_media":75034,"comment_status":"closed","ping_status":"closed","sticky":false,"template":"","format":"standard","meta":{"footnotes":""},"categories":[252],"tags":[],"class_list":["post-75035","post","type-post","status-publish","format-standard","has-post-thumbnail","hentry","category-regiao"],"_links":{"self":[{"href":"https:\/\/diarioregionaldigital.com.br\/index.php?rest_route=\/wp\/v2\/posts\/75035","targetHints":{"allow":["GET"]}}],"collection":[{"href":"https:\/\/diarioregionaldigital.com.br\/index.php?rest_route=\/wp\/v2\/posts"}],"about":[{"href":"https:\/\/diarioregionaldigital.com.br\/index.php?rest_route=\/wp\/v2\/types\/post"}],"author":[{"embeddable":true,"href":"https:\/\/diarioregionaldigital.com.br\/index.php?rest_route=\/wp\/v2\/users\/96"}],"replies":[{"embeddable":true,"href":"https:\/\/diarioregionaldigital.com.br\/index.php?rest_route=%2Fwp%2Fv2%2Fcomments&post=75035"}],"version-history":[{"count":0,"href":"https:\/\/diarioregionaldigital.com.br\/index.php?rest_route=\/wp\/v2\/posts\/75035\/revisions"}],"wp:featuredmedia":[{"embeddable":true,"href":"https:\/\/diarioregionaldigital.com.br\/index.php?rest_route=\/wp\/v2\/media\/75034"}],"wp:attachment":[{"href":"https:\/\/diarioregionaldigital.com.br\/index.php?rest_route=%2Fwp%2Fv2%2Fmedia&parent=75035"}],"wp:term":[{"taxonomy":"category","embeddable":true,"href":"https:\/\/diarioregionaldigital.com.br\/index.php?rest_route=%2Fwp%2Fv2%2Fcategories&post=75035"},{"taxonomy":"post_tag","embeddable":true,"href":"https:\/\/diarioregionaldigital.com.br\/index.php?rest_route=%2Fwp%2Fv2%2Ftags&post=75035"}],"curies":[{"name":"wp","href":"https:\/\/api.w.org\/{rel}","templated":true}]}}