{"id":75033,"date":"2017-06-06T23:05:50","date_gmt":"2017-06-07T02:05:50","guid":{"rendered":"http:\/\/diarioregionaljf.com.br\/2017\/06\/06\/fiemg-regional-zm-promove-palestra-sobre-producao-e-consumos-sustentaveis\/"},"modified":"2017-06-06T23:05:50","modified_gmt":"2017-06-07T02:05:50","slug":"fiemg-regional-zm-promove-palestra-sobre-producao-e-consumos-sustentaveis","status":"publish","type":"post","link":"https:\/\/diarioregionaldigital.com.br\/?p=75033","title":{"rendered":"FIEMG Regional ZM promove palestra sobre Produ\u00e7\u00e3o e Consumos Sustent\u00e1veis"},"content":{"rendered":"<p>A FIEMG Regional Zona da Mata promove, na pr\u00f3xima quinta-feira, 8 de junho, das 8h30 \u00e0s 17h, o workshop \u201cConectando empresas. Criando oportunidades\u201d, iniciativa que faz parte do Programa Mineiro de Simbiose Industrial (PMSI). O programa visa apoiar as ind\u00fastrias da regi\u00e3o a tornar a gest\u00e3o dos res\u00edduos s\u00f3lidos uma estrat\u00e9gia de neg\u00f3cio, reduzindo os custos da empresa e trazendo novas oportunidades. Na ocasi\u00e3o, ser\u00e1 apresentada a palestra \u201cProdu\u00e7\u00e3o e Consumos Sustent\u00e1veis\u201d.<\/p>\n<p>A palestra fica a cargo de Adriano Scarpa, analista de Meio Ambiente da FIEMG, e ser\u00e3o abordados temas como: Compras sustent\u00e1veis, Economia circular, Ecoefici\u00eancia, Produ\u00e7\u00e3o + limpa, Ecodesign e Indicadores ambientais. Na parte da tarde, ser\u00e1 promovida uma rodada de neg\u00f3cios ambientais (res\u00edduos, \u00e1gua, energia, servi\u00e7os t\u00e9cnicos ambientais, loca\u00e7\u00e3o de terrenos, compartilhamento de carga, entre outros). A negocia\u00e7\u00e3o ser\u00e1 apresentada e conduzida por Guilherme da Mata Zanforlin, tamb\u00e9m analista de Meio Ambiente da FIEMG.<\/p>\n<p>O Programa Mineiro de Simbiose Industrial re\u00fane empresas que desejam realizar novos neg\u00f3cios, disponibilizando seus recursos e res\u00edduos subutilizados para outras empresas. \u201cUma proposta que, al\u00e9m de contribuir para a cria\u00e7\u00e3o de uma ind\u00fastria sustent\u00e1vel, gera \u00f3timos resultados para todos os envolvidos\u201d, declara a analista ambiental da FIEMG Regional ZM, Lu\u00edza Cortat. Segundo ela, as empresas que disponibilizam os recursos t\u00eam seus custos operacionais reduzidos e as empresas tomadoras t\u00eam a oportunidade de adquirir m\u00e1quinas e mat\u00e9rias-primas por valores menores que os praticados no mercado.<\/p>\n<p>Atrav\u00e9s de uma rodada de neg\u00f3cios presencial, as empresas negociam seus recursos e res\u00edduos, como \u00e1gua, energia, compartilhamento de carga, terrenos, servi\u00e7os t\u00e9cnicos, res\u00edduos minerais, metais, t\u00eaxteis, pl\u00e1sticos, embalagens, madeiras, eletr\u00f4nicos, org\u00e2nicos. De acordo com Lu\u00edza Cortat, os interessados devem trazer o m\u00e1ximo de informa\u00e7\u00f5es sobre o que v\u00e3o oferecer, com caracter\u00edsticas detalhadas, quantidade e dados sobre periodicidade ou lote\/estoque. \u201c\u00c9 importante trazer as informa\u00e7\u00f5es quantitativas e qualitativas do seu res\u00edduo e uma pequena amostra para apresent\u00e1-lo aos demais participantes, facilitando assim a negocia\u00e7\u00e3o\u201d, ressalta a analista.<\/p>\n<p>As inscri\u00e7\u00f5es s\u00e3o limitadas e devem ser feitas atrav\u00e9s do telefone do Departamento de Meio Ambiente da FIEMG Regional ZM: (32) 3249-1024. O investimento \u00e9 de R$40,00 para empresas associadas aos Sindicatos filiados ao Sistema FIEMG e R$50,00 para demais interessados.<\/p>\n<p>Fonte: Assessoria<\/p>\n","protected":false},"excerpt":{"rendered":"<p>A FIEMG Regional Zona da Mata promove, na pr\u00f3xima quinta-feira, 8 de junho, das 8h30 \u00e0s 17h, o workshop \u201cConectando empresas. Criando oportunidades\u201d, iniciativa que faz parte do Programa Mineiro de Simbiose Industrial (PMSI). O programa visa apoiar as ind\u00fastrias da regi\u00e3o a tornar a gest\u00e3o dos res\u00edduos s\u00f3lidos uma estrat\u00e9gia de neg\u00f3cio, reduzindo os [&hellip;]<\/p>\n","protected":false},"author":96,"featured_media":0,"comment_status":"closed","ping_status":"closed","sticky":false,"template":"","format":"standard","meta":{"footnotes":""},"categories":[252],"tags":[],"class_list":["post-75033","post","type-post","status-publish","format-standard","hentry","category-regiao"],"_links":{"self":[{"href":"https:\/\/diarioregionaldigital.com.br\/index.php?rest_route=\/wp\/v2\/posts\/75033","targetHints":{"allow":["GET"]}}],"collection":[{"href":"https:\/\/diarioregionaldigital.com.br\/index.php?rest_route=\/wp\/v2\/posts"}],"about":[{"href":"https:\/\/diarioregionaldigital.com.br\/index.php?rest_route=\/wp\/v2\/types\/post"}],"author":[{"embeddable":true,"href":"https:\/\/diarioregionaldigital.com.br\/index.php?rest_route=\/wp\/v2\/users\/96"}],"replies":[{"embeddable":true,"href":"https:\/\/diarioregionaldigital.com.br\/index.php?rest_route=%2Fwp%2Fv2%2Fcomments&post=75033"}],"version-history":[{"count":0,"href":"https:\/\/diarioregionaldigital.com.br\/index.php?rest_route=\/wp\/v2\/posts\/75033\/revisions"}],"wp:attachment":[{"href":"https:\/\/diarioregionaldigital.com.br\/index.php?rest_route=%2Fwp%2Fv2%2Fmedia&parent=75033"}],"wp:term":[{"taxonomy":"category","embeddable":true,"href":"https:\/\/diarioregionaldigital.com.br\/index.php?rest_route=%2Fwp%2Fv2%2Fcategories&post=75033"},{"taxonomy":"post_tag","embeddable":true,"href":"https:\/\/diarioregionaldigital.com.br\/index.php?rest_route=%2Fwp%2Fv2%2Ftags&post=75033"}],"curies":[{"name":"wp","href":"https:\/\/api.w.org\/{rel}","templated":true}]}}