{"id":75032,"date":"2017-06-06T23:02:49","date_gmt":"2017-06-07T02:02:49","guid":{"rendered":"http:\/\/diarioregionaljf.com.br\/2017\/06\/06\/cisdeste-abre-concurso-com-499-vagas-para-a-zona-da-mata\/"},"modified":"2017-06-06T23:02:49","modified_gmt":"2017-06-07T02:02:49","slug":"cisdeste-abre-concurso-com-499-vagas-para-a-zona-da-mata","status":"publish","type":"post","link":"https:\/\/diarioregionaldigital.com.br\/?p=75032","title":{"rendered":"CISDESTE abre concurso com 499 vagas para a Zona da Mata"},"content":{"rendered":"<p>O Cons\u00f3rcio Intermunicipal de Sa\u00fade para Gerenciamento da Rede de Urg\u00eancia e Emerg\u00eancia da Macro Sudeste (CISDESTE) divulgou edital n\u00ba 08\/2017 de concurso p\u00fablico destinado ao provimento de 499 vagas em cargos de n\u00edvel m\u00e9dio e superior. A remunera\u00e7\u00e3o varia de R$ 970 a R$ 7.050,00 e as jornadas s\u00e3o em escalas de 12 horas de trabalho por 36 de descanso ou de 24, 40 ou 44 horas semanais.<\/p>\n<p>As vagas s\u00e3o nas fun\u00e7\u00f5es de Auxiliar de regula\u00e7\u00e3o M\u00e9dica (26); Auxiliar Administrativo (4); Auxiliar de Farm\u00e1cia (2); Condutor Socorrista (149); Mec\u00e2nico (1); Motorista (2); Operador de Frota (14); T\u00e9cnico de Enfermagem (119); T\u00e9cnico em Seguran\u00e7a do Trabalho (1); e de n\u00edvel superior Analista Administrativo (2); Assistente Administrativo (12); Contador (1); enfermeiro (57); Estat\u00edstico (1); Farmac\u00eautico (1); M\u00e9dico (82) e Psic\u00f3logo (1).<\/p>\n<p>As oportunidades est\u00e3o distribuidas nas bases de Juiz de Fora, Carangola, Leopoldina, Lima Duarte, Santos Dumont, Ub\u00e1, Espera Feliz, Fervedouro, Andrel\u00e2ndia, Bicas, Bom Jardim de Minas, Goian\u00e1, Matias Barbosa, Rio Preto, S\u00e3o Jo\u00e3o Nepomuceno, Al\u00e9m Para\u00edba, Astolfo Dutra, Cataguases, Laranjal, Mira\u00ed, patroc\u00ednio do Muria\u00e9, Erv\u00e1lia, Rio Pomba, Senador Firmino e Visconde do Rio Branco.<\/p>\n<p>As inscri\u00e7\u00f5es poder\u00e3o ser realizadas no per\u00edodo entre 08 de agosto a 22 de setembro de 2017 pelo site www.ibgpconcursos.com.br. A taxa de inscri\u00e7\u00e3o varia de R$ 45 a R$ 150, de acordo com o cargo pretendido. As provas objetivas ser\u00e3o aplicadas no dia 22 de outubro nas cidades de Juiz de Fora, Muria\u00e9 e Ub\u00e1.<\/p>\n<p>Fonte: Assessoria<\/p>\n","protected":false},"excerpt":{"rendered":"<p>O Cons\u00f3rcio Intermunicipal de Sa\u00fade para Gerenciamento da Rede de Urg\u00eancia e Emerg\u00eancia da Macro Sudeste (CISDESTE) divulgou edital n\u00ba 08\/2017 de concurso p\u00fablico destinado ao provimento de 499 vagas em cargos de n\u00edvel m\u00e9dio e superior. A remunera\u00e7\u00e3o varia de R$ 970 a R$ 7.050,00 e as jornadas s\u00e3o em escalas de 12 horas [&hellip;]<\/p>\n","protected":false},"author":96,"featured_media":0,"comment_status":"closed","ping_status":"closed","sticky":false,"template":"","format":"standard","meta":{"footnotes":""},"categories":[280],"tags":[],"class_list":["post-75032","post","type-post","status-publish","format-standard","hentry","category-concurso"],"_links":{"self":[{"href":"https:\/\/diarioregionaldigital.com.br\/index.php?rest_route=\/wp\/v2\/posts\/75032","targetHints":{"allow":["GET"]}}],"collection":[{"href":"https:\/\/diarioregionaldigital.com.br\/index.php?rest_route=\/wp\/v2\/posts"}],"about":[{"href":"https:\/\/diarioregionaldigital.com.br\/index.php?rest_route=\/wp\/v2\/types\/post"}],"author":[{"embeddable":true,"href":"https:\/\/diarioregionaldigital.com.br\/index.php?rest_route=\/wp\/v2\/users\/96"}],"replies":[{"embeddable":true,"href":"https:\/\/diarioregionaldigital.com.br\/index.php?rest_route=%2Fwp%2Fv2%2Fcomments&post=75032"}],"version-history":[{"count":0,"href":"https:\/\/diarioregionaldigital.com.br\/index.php?rest_route=\/wp\/v2\/posts\/75032\/revisions"}],"wp:attachment":[{"href":"https:\/\/diarioregionaldigital.com.br\/index.php?rest_route=%2Fwp%2Fv2%2Fmedia&parent=75032"}],"wp:term":[{"taxonomy":"category","embeddable":true,"href":"https:\/\/diarioregionaldigital.com.br\/index.php?rest_route=%2Fwp%2Fv2%2Fcategories&post=75032"},{"taxonomy":"post_tag","embeddable":true,"href":"https:\/\/diarioregionaldigital.com.br\/index.php?rest_route=%2Fwp%2Fv2%2Ftags&post=75032"}],"curies":[{"name":"wp","href":"https:\/\/api.w.org\/{rel}","templated":true}]}}