{"id":75031,"date":"2017-06-06T22:57:42","date_gmt":"2017-06-07T01:57:42","guid":{"rendered":"http:\/\/diarioregionaljf.com.br\/2017\/06\/06\/caravana-bdmg-visita-juiz-de-fora\/"},"modified":"2017-06-06T22:57:42","modified_gmt":"2017-06-07T01:57:42","slug":"caravana-bdmg-visita-juiz-de-fora","status":"publish","type":"post","link":"https:\/\/diarioregionaldigital.com.br\/?p=75031","title":{"rendered":"Caravana BDMG visita Juiz de Fora"},"content":{"rendered":"<p>A Caravana BDMG chega a Juiz de Fora nesta quinta-feira, 08. O Banco ir\u00e1 participar do F\u00f3rum Regional do Governo de Minas e realizar\u00e1 atendimento a micro e pequenas empresas, apresentando as linhas de financiamento para capital de giro.<\/p>\n<p>Com taxas de juros reduzidas desde abril, as condi\u00e7\u00f5es oferecidas pelo BDMG na regi\u00e3o est\u00e3o entre as melhores do mercado para capital de giro. Por meio da linha Geraminas, \u00e9 poss\u00edvel obter financiamento com taxas a partir de 1,71% ao m\u00eas e at\u00e9 48 meses para quitar o financiamento, e tudo feito com a rapidez do cr\u00e9dito on-line.<\/p>\n<h4>Servi\u00e7o:<\/h4>\n<p>Hor\u00e1rio dos atendimentos: 9h \u00e0s 17h<br \/>Local: Expominas Juiz de Fora<br \/>Endere\u00e7o: Br 040 \u2013 Km 7290 \u2013 S\u00e3o Pedro \u2013 Juiz de Fora<\/p>\n<p>Fonte: Assessoria<\/p>\n","protected":false},"excerpt":{"rendered":"<p>A Caravana BDMG chega a Juiz de Fora nesta quinta-feira, 08. O Banco ir\u00e1 participar do F\u00f3rum Regional do Governo de Minas e realizar\u00e1 atendimento a micro e pequenas empresas, apresentando as linhas de financiamento para capital de giro. Com taxas de juros reduzidas desde abril, as condi\u00e7\u00f5es oferecidas pelo BDMG na regi\u00e3o est\u00e3o entre [&hellip;]<\/p>\n","protected":false},"author":96,"featured_media":0,"comment_status":"closed","ping_status":"closed","sticky":false,"template":"","format":"standard","meta":{"footnotes":""},"categories":[252],"tags":[],"class_list":["post-75031","post","type-post","status-publish","format-standard","hentry","category-regiao"],"_links":{"self":[{"href":"https:\/\/diarioregionaldigital.com.br\/index.php?rest_route=\/wp\/v2\/posts\/75031","targetHints":{"allow":["GET"]}}],"collection":[{"href":"https:\/\/diarioregionaldigital.com.br\/index.php?rest_route=\/wp\/v2\/posts"}],"about":[{"href":"https:\/\/diarioregionaldigital.com.br\/index.php?rest_route=\/wp\/v2\/types\/post"}],"author":[{"embeddable":true,"href":"https:\/\/diarioregionaldigital.com.br\/index.php?rest_route=\/wp\/v2\/users\/96"}],"replies":[{"embeddable":true,"href":"https:\/\/diarioregionaldigital.com.br\/index.php?rest_route=%2Fwp%2Fv2%2Fcomments&post=75031"}],"version-history":[{"count":0,"href":"https:\/\/diarioregionaldigital.com.br\/index.php?rest_route=\/wp\/v2\/posts\/75031\/revisions"}],"wp:attachment":[{"href":"https:\/\/diarioregionaldigital.com.br\/index.php?rest_route=%2Fwp%2Fv2%2Fmedia&parent=75031"}],"wp:term":[{"taxonomy":"category","embeddable":true,"href":"https:\/\/diarioregionaldigital.com.br\/index.php?rest_route=%2Fwp%2Fv2%2Fcategories&post=75031"},{"taxonomy":"post_tag","embeddable":true,"href":"https:\/\/diarioregionaldigital.com.br\/index.php?rest_route=%2Fwp%2Fv2%2Ftags&post=75031"}],"curies":[{"name":"wp","href":"https:\/\/api.w.org\/{rel}","templated":true}]}}