{"id":74884,"date":"2017-06-03T00:25:17","date_gmt":"2017-06-03T03:25:17","guid":{"rendered":"http:\/\/diarioregionaljf.com.br\/2017\/06\/03\/cidadaos-recolhem-lixo-as-margens-do-paraibuna-em-acao-de-responsabilidade-ambiental\/"},"modified":"2017-06-03T00:25:17","modified_gmt":"2017-06-03T03:25:17","slug":"cidadaos-recolhem-lixo-as-margens-do-paraibuna-em-acao-de-responsabilidade-ambiental","status":"publish","type":"post","link":"https:\/\/diarioregionaldigital.com.br\/?p=74884","title":{"rendered":"Cidad\u00e3os recolhem lixo \u00e0s margens do Paraibuna em a\u00e7\u00e3o de responsabilidade ambiental"},"content":{"rendered":"<p>Para muito al\u00e9m de uma passeata com a presen\u00e7a de milhares de pessoas, o que o estudante de servi\u00e7o social Rodrigo Braga quer \u00e9 estimular, mesmo que aos poucos, uma atitude respons\u00e1vel em rela\u00e7\u00e3o \u00e0 vida do planeta. Com a m\u00e1xima \u201ctemos que fazer a nossa parte\u201d em mente, Rodrigo coordenou nesse s\u00e1bado, 3, uma miss\u00e3o ecol\u00f3gica. Cidad\u00e3os da cidade caminharam \u00e0s margens do Rio Paraibuna recolhendo todo o lixo que encontravam pelo caminho. A concentra\u00e7\u00e3o ocorreu na pra\u00e7a do bairro Manoel Hon\u00f3rio.<\/p>\n<p>\u201cEu quero uma cidade verde\u201d \u00e9 o slogan que deu nome \u00e0 a\u00e7\u00e3o e ao processo de mobiliza\u00e7\u00e3o articulado por Rodrigo nas redes sociais e tamb\u00e9m por amigos que aderiram \u00e0 ideia. \u201cA inten\u00e7\u00e3o dessa caminhada \u00e9 propor a reflex\u00e3o sobre a import\u00e2ncia de lutarmos por um ar livre de part\u00edculas nocivas, por \u00e1gua pot\u00e1vel acess\u00edvel a todos e pela fauna e flora\u201d, avaliou.<\/p>\n<p>A mobiliza\u00e7\u00e3o levantada pelo estudante antecedeu o dia Dia Mundial do Meio Ambiente, comemorado neste domingo, 5. A data foi recomendada pela Confer\u00eancia das Na\u00e7\u00f5es Unidas sobre Meio Ambiente, realizada em 1972, em Estocolmo, na Su\u00e9cia. Em 27 de maio de 1981, o governo brasileiro tamb\u00e9m estabeleceu que, neste per\u00edodo, em todo territ\u00f3rio nacional se promovesse a Semana Nacional do Meio Ambiente, que tem por finalidade apoiar a participa\u00e7\u00e3o da comunidade na preserva\u00e7\u00e3o do patrim\u00f4nio natural do pa\u00eds.<\/p>\n<h4>ATUA\u00c7\u00d5ES ANTERIORES<\/h4>\n<p>Militante nas redes sociais e principalmente na pr\u00e1tica, Rodrigo j\u00e1 carrega no curr\u00edculo v\u00e1rias experi\u00eancias mission\u00e1rias a favor de cidad\u00e3os carentes. Uma das mais recentes aconteceu na noite de Natal de 2016 em Juiz de Fora. O estudante, e outros 200 volunt\u00e1rios, optaram por ceiar na Pra\u00e7a Ant\u00f4nio Carlos com 900 pessoas em situa\u00e7\u00e3o de rua. \u201cCheguei em casa por volta de 1h30. A sensa\u00e7\u00e3o foi indescrit\u00edvel\u201d, contou Rodrigo, enfatizando que este ano ele pretende levantar nova mobiliza\u00e7\u00e3o e repetir a dose.<\/p>\n<p>A pr\u00f3xima parada do estudante ser\u00e1 na cidade de Curral Novo, no Piau\u00ed, para participar da 10\u00aa edi\u00e7\u00e3o do projeto piauiense Impacto Sert\u00e3o Livre, que acontecer\u00e1 de 18 a 28 de julho. \u201cEstaremos em contato com pessoas que vivem em estado de pobreza extrema. Ainda n\u00e3o sei qual tipo de trabalho terei que executar l\u00e1. Pode ser auxiliando na constru\u00e7\u00e3o de alguma casa, como em algum hospital. Mas, nesse tempo que ficarei l\u00e1, tenho certeza que n\u00e3o faltar\u00e1 servi\u00e7o dada a realidade social e econ\u00f4mica daquele povo\u201d.<\/p>\n<p>O Impacto Sert\u00e3o Livre \u00e9 uma mobiliza\u00e7\u00e3o mission\u00e1ria realizada pelo Instituto Livre Ser, com o apoio de minist\u00e9rios parceiros que t\u00eam atuado no sert\u00e3o nordestino. Os impactos evangel\u00edsticos acontecem nos meses de janeiro e julho, duram cerca de 10 dias, e re\u00fanem centenas de volunt\u00e1rios vindos de diversas partes do Brasil. \u201cQuem quiser ir tamb\u00e9m \u00e9 s\u00f3 acessar o site sertaolivre.org.br e fazer a inscri\u00e7\u00e3o\u201d, estimula Rodrigo.<\/p>\n","protected":false},"excerpt":{"rendered":"<p>Para muito al\u00e9m de uma passeata com a presen\u00e7a de milhares de pessoas, o que o estudante de servi\u00e7o social Rodrigo Braga quer \u00e9 estimular, mesmo que aos poucos, uma atitude respons\u00e1vel em rela\u00e7\u00e3o \u00e0 vida do planeta. Com a m\u00e1xima \u201ctemos que fazer a nossa parte\u201d em mente, Rodrigo coordenou nesse s\u00e1bado, 3, uma [&hellip;]<\/p>\n","protected":false},"author":96,"featured_media":74883,"comment_status":"closed","ping_status":"closed","sticky":false,"template":"","format":"standard","meta":{"footnotes":""},"categories":[253],"tags":[],"class_list":["post-74884","post","type-post","status-publish","format-standard","has-post-thumbnail","hentry","category-cidade"],"_links":{"self":[{"href":"https:\/\/diarioregionaldigital.com.br\/index.php?rest_route=\/wp\/v2\/posts\/74884","targetHints":{"allow":["GET"]}}],"collection":[{"href":"https:\/\/diarioregionaldigital.com.br\/index.php?rest_route=\/wp\/v2\/posts"}],"about":[{"href":"https:\/\/diarioregionaldigital.com.br\/index.php?rest_route=\/wp\/v2\/types\/post"}],"author":[{"embeddable":true,"href":"https:\/\/diarioregionaldigital.com.br\/index.php?rest_route=\/wp\/v2\/users\/96"}],"replies":[{"embeddable":true,"href":"https:\/\/diarioregionaldigital.com.br\/index.php?rest_route=%2Fwp%2Fv2%2Fcomments&post=74884"}],"version-history":[{"count":0,"href":"https:\/\/diarioregionaldigital.com.br\/index.php?rest_route=\/wp\/v2\/posts\/74884\/revisions"}],"wp:featuredmedia":[{"embeddable":true,"href":"https:\/\/diarioregionaldigital.com.br\/index.php?rest_route=\/wp\/v2\/media\/74883"}],"wp:attachment":[{"href":"https:\/\/diarioregionaldigital.com.br\/index.php?rest_route=%2Fwp%2Fv2%2Fmedia&parent=74884"}],"wp:term":[{"taxonomy":"category","embeddable":true,"href":"https:\/\/diarioregionaldigital.com.br\/index.php?rest_route=%2Fwp%2Fv2%2Fcategories&post=74884"},{"taxonomy":"post_tag","embeddable":true,"href":"https:\/\/diarioregionaldigital.com.br\/index.php?rest_route=%2Fwp%2Fv2%2Ftags&post=74884"}],"curies":[{"name":"wp","href":"https:\/\/api.w.org\/{rel}","templated":true}]}}