{"id":74879,"date":"2017-06-02T23:36:22","date_gmt":"2017-06-03T02:36:22","guid":{"rendered":"http:\/\/diarioregionaljf.com.br\/2017\/06\/02\/teatro-paschoal-carlos-magno-sera-inaugurado-neste-ano\/"},"modified":"2017-06-02T23:36:22","modified_gmt":"2017-06-03T02:36:22","slug":"teatro-paschoal-carlos-magno-sera-inaugurado-neste-ano","status":"publish","type":"post","link":"https:\/\/diarioregionaldigital.com.br\/?p=74879","title":{"rendered":"Teatro Paschoal Carlos Magno ser\u00e1 inaugurado neste ano"},"content":{"rendered":"<p>O Teatro Paschoal Carlos Magno est\u00e1 perto de refor\u00e7ar o cen\u00e1rio art\u00edstico de Juiz de Fora, com previs\u00e3o de conclus\u00e3o das obras ainda em setembro deste ano. A constru\u00e7\u00e3o, que se arrasta desde o inicio dos anos 80, leva o nome de um dos maiores entusiastas brasileiros, que dedicou boa parte de sua vida, viajando pelo pa\u00eds e influenciando as autoridades a abrirem espa\u00e7o para a cultura.<\/p>\n<p>O local reunir\u00e1 n\u00e3o s\u00f3 o teatro, com 400 lugares, mas tamb\u00e9m, galeria de arte, anfiteatro, espa\u00e7o para reuni\u00f5es e ensaios, bar, entre outros. \u201cEsse \u00e9 mais um equipamento p\u00fablico de muita capacidade e alta tecnologia, permitindo f\u00e1cil acesso \u00e0 popula\u00e7\u00e3o de toda a cidade, por se localizar na regi\u00e3o central. Al\u00e9m disso, \u00e9 um ganho para a classe art\u00edstica. Falando de mim que sou do teatro, e do restante da classe, sempre tivemos um espa\u00e7o muito limitado para criar. Agora, teremos maior liberdade de mostrar o nosso trabalho, e de atrair o turismo, pois ser\u00e1 um local muito convidativo\u201d, refor\u00e7ou o diretor de Cultura da Funda\u00e7\u00e3o Cultural Alfredo Ferreira Lage (Funalfa), Zezinho Mancini.<\/p>\n<p>O diretor comentou que ainda n\u00e3o se sabe ao certo a data inaugural. \u201cEssa \u00e9 uma obra que o ex-superintendente da Funalfa, Toninho Dutra, abra\u00e7ou e trabalhou para a retomada. Falamos em inaugurar em setembro, mas a verdade \u00e9 que trabalhamos com a possibilidade de inaugurar em novembro, juntamente com o Festival Nacional de Teatro de Juiz de Fora, algo bem interessante, pelo fato do evento ser todo remodelado neste ano\u201d, explicou \u201cA estrutura j\u00e1 est\u00e1 pronta. Falta apenas detalhes do acabamento\u201d, completou Mancini.<\/p>\n<p><strong>HIST\u00d3RICO DA OBRA<\/strong><\/p>\n<p>Em 1979, o diretor e dramaturgo teatral, que leva nome ao espa\u00e7o, veio at\u00e9 juiz de fora para assistir a uma exibi\u00e7\u00e3o de uma companhia local, com o ent\u00e3o prefeito, Mello reis. Foi quando ele convenceu o parlamentar que era importante construir um teatro municipal. O prefeito acatou a ideia. Foram dois anos at\u00e9 o inicio das obras, organizadas por um arquiteto grego.<\/p>\n<p>Por\u00e9m, em 1983, a constru\u00e7\u00e3o teve de ser interrompida, devido a problemas estruturais, causados n\u00e3o s\u00f3 no edif\u00edcio, mas tamb\u00e9m no entrono dele. \u201cFoi descoberto que o terreno tinha um problema na estrutura, e que poderia causar uma grande trag\u00e9dia. Ent\u00e3o, a verba que estava destinada para constru\u00e7\u00e3o, foi utilizada para corrigir o problema. evitando trag\u00e9dias\u201d, lembrou o diretor da Funalfa. Desde ent\u00e3o, os governantes n\u00e3o conseguiram o dinheiro para conclus\u00e3o, e a obra ficou paralisada por mais de 30 anos.<\/p>\n<p>Em 2015, devido \u00e0 verba de quase R$ 6 milh\u00f5es que a Prefeitura de Juiz de Fora (PJF) garantiu com o Governo do Estado e a Companhia de Desenvolvimento de Minas Gerais (Codemig), a constru\u00e7\u00e3o foi retomada.<\/p>\n<p><strong>COMPROMISSO<\/strong><\/p>\n<p>Conforme o diretor da Funalfa, uma comiss\u00e3o com representantes dos f\u00f3runs art\u00edsticos de Juiz de Fora foi montada, no intuito de discutir A manuten\u00e7\u00e3o do espa\u00e7o. \u201cTemos a informa\u00e7\u00e3o de que o teatro ter\u00e1 um custo mensal de R$70mil. Ainda estamos estudando modelos de gest\u00e3o\u201d, acrescentou.<\/p>\n<p>O grupo trabalha com tr\u00eas possibilidades: administra\u00e7\u00e3o indireta, com repasses da Prefeitura; por meio de OS, medida em que a prefeitura entra com parte da verba e a outra parte \u00e9 proveniente do uso do teatro, al\u00e9m da parceria p\u00fablico-privada, em que uma empresa investiria no espa\u00e7o, em contrapartida, obedece as metas estipuladas para se manter na administra\u00e7\u00e3o.<\/p>\n","protected":false},"excerpt":{"rendered":"<p>O Teatro Paschoal Carlos Magno est\u00e1 perto de refor\u00e7ar o cen\u00e1rio art\u00edstico de Juiz de Fora, com previs\u00e3o de conclus\u00e3o das obras ainda em setembro deste ano. A constru\u00e7\u00e3o, que se arrasta desde o inicio dos anos 80, leva o nome de um dos maiores entusiastas brasileiros, que dedicou boa parte de sua vida, viajando [&hellip;]<\/p>\n","protected":false},"author":96,"featured_media":0,"comment_status":"closed","ping_status":"closed","sticky":false,"template":"","format":"standard","meta":{"footnotes":""},"categories":[253],"tags":[],"class_list":["post-74879","post","type-post","status-publish","format-standard","hentry","category-cidade"],"_links":{"self":[{"href":"https:\/\/diarioregionaldigital.com.br\/index.php?rest_route=\/wp\/v2\/posts\/74879","targetHints":{"allow":["GET"]}}],"collection":[{"href":"https:\/\/diarioregionaldigital.com.br\/index.php?rest_route=\/wp\/v2\/posts"}],"about":[{"href":"https:\/\/diarioregionaldigital.com.br\/index.php?rest_route=\/wp\/v2\/types\/post"}],"author":[{"embeddable":true,"href":"https:\/\/diarioregionaldigital.com.br\/index.php?rest_route=\/wp\/v2\/users\/96"}],"replies":[{"embeddable":true,"href":"https:\/\/diarioregionaldigital.com.br\/index.php?rest_route=%2Fwp%2Fv2%2Fcomments&post=74879"}],"version-history":[{"count":0,"href":"https:\/\/diarioregionaldigital.com.br\/index.php?rest_route=\/wp\/v2\/posts\/74879\/revisions"}],"wp:attachment":[{"href":"https:\/\/diarioregionaldigital.com.br\/index.php?rest_route=%2Fwp%2Fv2%2Fmedia&parent=74879"}],"wp:term":[{"taxonomy":"category","embeddable":true,"href":"https:\/\/diarioregionaldigital.com.br\/index.php?rest_route=%2Fwp%2Fv2%2Fcategories&post=74879"},{"taxonomy":"post_tag","embeddable":true,"href":"https:\/\/diarioregionaldigital.com.br\/index.php?rest_route=%2Fwp%2Fv2%2Ftags&post=74879"}],"curies":[{"name":"wp","href":"https:\/\/api.w.org\/{rel}","templated":true}]}}